{"id":1145,"date":"2017-07-24T19:40:53","date_gmt":"2017-07-24T17:40:53","guid":{"rendered":"http:\/\/www.lacasagrande.net\/blog\/paseo-estival-la-sierra-grazalema\/"},"modified":"2023-03-21T10:22:53","modified_gmt":"2023-03-21T09:22:53","slug":"paseo-estival-la-sierra-grazalema","status":"publish","type":"post","link":"https:\/\/www.lacasagrande.net\/en\/blog\/paseo-estival-la-sierra-grazalema\/","title":{"rendered":"Paseo estival por la Sierra de Grazalema"},"content":{"rendered":"<p>Bien merece la pena madrugar para pasear por la Sierra de Grazalema, a\u00fan en pleno verano cuando ni el ganado se sumerge entre sus monta\u00f1as. El Arroyo del Pajaruco estaba seco y la Cascada del Mitano era tan solo una huella de verd\u00edn sobre la roca. A\u00fan as\u00ed, un paseo circular vespertino recarga las energ\u00edas a cualquiera.<\/p>\n<p>Partiendo de Benaocaz, y con regreso al mismo municipio, recorrimos un total de 11 km entre bosques de encina, majuelo, lentisco y matagallo. En esta \u00e9poca del a\u00f1o la chicharra suena de manera perenne, y el viento seco nos regala aromas dulces y frescos de menta silvestre, tomillo y jara.<\/p>\n<p>Una especie aut\u00f3ctona de cardo salpica las zonas m\u00e1s secas. Los lugare\u00f1os nos cuentan que les llaman <em>alcauciles<\/em>, como a las alcachofas, y que son comestibles y muy tiernos.<\/p>\n<p>Mariposas amarillas nos acompa\u00f1an en el devenir. Varias vacas con sus becerros nos observan en la distancia lidiando con las moscas a la sombrita, a pocos metros ya del pueblo. El valle del Ca\u00edllo luce verde e impasible frente a la \u00e9poca estival, seguramente por las aguas subterr\u00e1neas que lo atraviesan. No nos olvidemos que Grazalema presenta uno de los \u00edndices pluviales m\u00e1s altos de la pen\u00ednsula, como muralla que es frente a los vientos provenientes del estrecho cargados de humedad.<\/p>\n<p>Y es que nuestra peque\u00f1a Sierra tiene poco que envidiar a otros parajes. En poco m\u00e1s de 50.000 ha ofrece una diversidad sorprendente de fauna y flora, un pulm\u00f3n enorme en este rinc\u00f3n Sur. Pasear por ella resulta siempre placentero y perfecto para conectarse, con la tierra y con uno mismo, en cualquier \u00e9poca del a\u00f1o.<\/p>\n<div id=\"gallery-1\" class=\"wpex-gallery wpex-grid wpex-grid-cols-3 wpex-gap-20 wpex-lightbox-group\"><figure class=\"gallery-item\"><a href=\"https:\/\/www.lacasagrande.net\/wp-content\/uploads\/2017\/07\/LACASAGRANDE_BLOG_entrada1_foto3.jpg\" class=\"wpex-lightbox-group-item\"><img width=\"683\" height=\"1024\" data-src=\"https:\/\/www.lacasagrande.net\/wp-content\/uploads\/2017\/07\/LACASAGRANDE_BLOG_entrada1_foto3-683x1024.jpg\" class=\"attachment-large size-large lazyload\" alt=\"\" decoding=\"async\" data-srcset=\"https:\/\/www.lacasagrande.net\/wp-content\/uploads\/2017\/07\/LACASAGRANDE_BLOG_entrada1_foto3-683x1024.jpg 683w, https:\/\/www.lacasagrande.net\/wp-content\/uploads\/2017\/07\/LACASAGRANDE_BLOG_entrada1_foto3-200x300.jpg 200w, https:\/\/www.lacasagrande.net\/wp-content\/uploads\/2017\/07\/LACASAGRANDE_BLOG_entrada1_foto3-768x1152.jpg 768w, https:\/\/www.lacasagrande.net\/wp-content\/uploads\/2017\/07\/LACASAGRANDE_BLOG_entrada1_foto3.jpg 1200w\" data-sizes=\"auto, (max-width: 683px) 100vw, 683px\" src=\"data:image\/svg+xml;base64,PHN2ZyB3aWR0aD0iMSIgaGVpZ2h0PSIxIiB4bWxucz0iaHR0cDovL3d3dy53My5vcmcvMjAwMC9zdmciPjwvc3ZnPg==\" style=\"--smush-placeholder-width: 683px; --smush-placeholder-aspect-ratio: 683\/1024;\" \/><\/a><\/figure><figure class=\"gallery-item\"><a href=\"https:\/\/www.lacasagrande.net\/wp-content\/uploads\/2017\/07\/LACASAGRANDE_BLOG_entrada1_foto2.jpg\" class=\"wpex-lightbox-group-item\"><img width=\"980\" height=\"743\" data-src=\"https:\/\/www.lacasagrande.net\/wp-content\/uploads\/2017\/07\/LACASAGRANDE_BLOG_entrada1_foto2-1024x776.jpg\" class=\"attachment-large size-large lazyload\" alt=\"\" decoding=\"async\" data-srcset=\"https:\/\/www.lacasagrande.net\/wp-content\/uploads\/2017\/07\/LACASAGRANDE_BLOG_entrada1_foto2-1024x776.jpg 1024w, https:\/\/www.lacasagrande.net\/wp-content\/uploads\/2017\/07\/LACASAGRANDE_BLOG_entrada1_foto2-300x227.jpg 300w, https:\/\/www.lacasagrande.net\/wp-content\/uploads\/2017\/07\/LACASAGRANDE_BLOG_entrada1_foto2-768x582.jpg 768w, https:\/\/www.lacasagrande.net\/wp-content\/uploads\/2017\/07\/LACASAGRANDE_BLOG_entrada1_foto2.jpg 1200w\" data-sizes=\"auto, (max-width: 980px) 100vw, 980px\" src=\"data:image\/svg+xml;base64,PHN2ZyB3aWR0aD0iMSIgaGVpZ2h0PSIxIiB4bWxucz0iaHR0cDovL3d3dy53My5vcmcvMjAwMC9zdmciPjwvc3ZnPg==\" style=\"--smush-placeholder-width: 980px; --smush-placeholder-aspect-ratio: 980\/743;\" \/><\/a><\/figure><figure class=\"gallery-item\"><a href=\"https:\/\/www.lacasagrande.net\/wp-content\/uploads\/2017\/07\/LACASAGRANDE_BLOG_entrada1_foto1.jpg\" class=\"wpex-lightbox-group-item\"><img width=\"980\" height=\"550\" data-src=\"https:\/\/www.lacasagrande.net\/wp-content\/uploads\/2017\/07\/LACASAGRANDE_BLOG_entrada1_foto1-1024x575.jpg\" class=\"attachment-large size-large lazyload\" alt=\"\" decoding=\"async\" data-srcset=\"https:\/\/www.lacasagrande.net\/wp-content\/uploads\/2017\/07\/LACASAGRANDE_BLOG_entrada1_foto1-1024x575.jpg 1024w, https:\/\/www.lacasagrande.net\/wp-content\/uploads\/2017\/07\/LACASAGRANDE_BLOG_entrada1_foto1-300x169.jpg 300w, https:\/\/www.lacasagrande.net\/wp-content\/uploads\/2017\/07\/LACASAGRANDE_BLOG_entrada1_foto1-768x431.jpg 768w, https:\/\/www.lacasagrande.net\/wp-content\/uploads\/2017\/07\/LACASAGRANDE_BLOG_entrada1_foto1-1600x899.jpg 1600w, https:\/\/www.lacasagrande.net\/wp-content\/uploads\/2017\/07\/LACASAGRANDE_BLOG_entrada1_foto1.jpg 1800w\" data-sizes=\"auto, (max-width: 980px) 100vw, 980px\" src=\"data:image\/svg+xml;base64,PHN2ZyB3aWR0aD0iMSIgaGVpZ2h0PSIxIiB4bWxucz0iaHR0cDovL3d3dy53My5vcmcvMjAwMC9zdmciPjwvc3ZnPg==\" style=\"--smush-placeholder-width: 980px; --smush-placeholder-aspect-ratio: 980\/550;\" \/><\/a><\/figure><\/div>\n\n","protected":false},"excerpt":{"rendered":"<p>Bien merece la pena madrugar para pasear por la Sierra de Grazalema, a\u00fan en pleno verano cuando ni el ganado se sumerge entre sus monta\u00f1as. El Arroyo del Pajaruco estaba seco y la Cascada del Mitano era tan solo una huella de verd\u00edn sobre la roca. A\u00fan as\u00ed, un paseo circular vespertino recarga las energ\u00edas&hellip;<\/p>\n","protected":false},"author":4,"featured_media":1129,"comment_status":"closed","ping_status":"open","sticky":false,"template":"","format":"standard","meta":{"_acf_changed":false,"rs_blank_template":"","rs_page_bg_color":"","slide_template_v7":"","footnotes":""},"categories":[55],"tags":[56,57,58,565,59,60,61,62,63,64,65,66,67,68],"post_series":[],"class_list":["post-1145","post","type-post","status-publish","format-standard","has-post-thumbnail","hentry","category-sierra-de-grazalema-en","tag-alcaucil-en","tag-arroyo-en","tag-benaocaz-en","tag-cadiz-en","tag-caillo-en","tag-estival-en","tag-ganado-en","tag-grazalema-en","tag-mitano-en","tag-pajaruco-en","tag-paseo-en","tag-senderismo-en","tag-sierra-en","tag-verano-en","entry","has-media"],"acf":[],"yoast_head":"<!-- This site is optimized with the Yoast SEO plugin v27.5 - https:\/\/yoast.com\/product\/yoast-seo-wordpress\/ -->\n<title>Paseo estival por la Sierra de Grazalema - La Casa Grande<\/title>\n<meta name=\"robots\" content=\"index, follow, max-snippet:-1, max-image-preview:large, max-video-preview:-1\" \/>\n<link rel=\"canonical\" href=\"https:\/\/www.lacasagrande.net\/en\/blog\/paseo-estival-la-sierra-grazalema\/\" \/>\n<meta property=\"og:locale\" content=\"en_US\" \/>\n<meta property=\"og:type\" content=\"article\" \/>\n<meta property=\"og:title\" content=\"Paseo estival por la Sierra de Grazalema - La Casa Grande\" \/>\n<meta property=\"og:description\" content=\"Bien merece la pena madrugar para pasear por la Sierra de Grazalema, a\u00fan en pleno verano cuando ni el ganado se sumerge entre sus monta\u00f1as. El Arroyo del Pajaruco estaba seco y la Cascada del Mitano era tan solo una huella de verd\u00edn sobre la roca. A\u00fan as\u00ed, un paseo circular vespertino recarga las energ\u00edas&hellip;\" \/>\n<meta property=\"og:url\" content=\"https:\/\/www.lacasagrande.net\/en\/blog\/paseo-estival-la-sierra-grazalema\/\" \/>\n<meta property=\"og:site_name\" content=\"La Casa Grande\" \/>\n<meta property=\"article:publisher\" content=\"https:\/\/www.facebook.com\/La-Casa-Grande-de-Arcos-158477297524954\" \/>\n<meta property=\"article:published_time\" content=\"2017-07-24T17:40:53+00:00\" \/>\n<meta property=\"article:modified_time\" content=\"2023-03-21T09:22:53+00:00\" \/>\n<meta property=\"og:image\" content=\"https:\/\/www.lacasagrande.net\/wp-content\/uploads\/2017\/07\/LACASAGRANDE_BLOG_entrada1_foto1.jpg\" \/>\n\t<meta property=\"og:image:width\" content=\"1800\" \/>\n\t<meta property=\"og:image:height\" content=\"1011\" \/>\n\t<meta property=\"og:image:type\" content=\"image\/jpeg\" \/>\n<meta name=\"author\" content=\"lacasagrande_web\" \/>\n<meta name=\"twitter:card\" content=\"summary_large_image\" \/>\n<meta name=\"twitter:label1\" content=\"Written by\" \/>\n\t<meta name=\"twitter:data1\" content=\"lacasagrande_web\" \/>\n\t<meta name=\"twitter:label2\" content=\"Est. reading time\" \/>\n\t<meta name=\"twitter:data2\" content=\"1 minute\" \/>\n<script type=\"application\/ld+json\" class=\"yoast-schema-graph\">{\"@context\":\"https:\\\/\\\/schema.org\",\"@graph\":[{\"@type\":\"Article\",\"@id\":\"https:\\\/\\\/www.lacasagrande.net\\\/en\\\/blog\\\/paseo-estival-la-sierra-grazalema\\\/#article\",\"isPartOf\":{\"@id\":\"https:\\\/\\\/www.lacasagrande.net\\\/en\\\/blog\\\/paseo-estival-la-sierra-grazalema\\\/\"},\"author\":{\"name\":\"lacasagrande_web\",\"@id\":\"https:\\\/\\\/www.lacasagrande.net\\\/#\\\/schema\\\/person\\\/62abbd24199dcb38c9b899dbd8ee04f7\"},\"headline\":\"Paseo estival por la Sierra de Grazalema\",\"datePublished\":\"2017-07-24T17:40:53+00:00\",\"dateModified\":\"2023-03-21T09:22:53+00:00\",\"mainEntityOfPage\":{\"@id\":\"https:\\\/\\\/www.lacasagrande.net\\\/en\\\/blog\\\/paseo-estival-la-sierra-grazalema\\\/\"},\"wordCount\":299,\"publisher\":{\"@id\":\"https:\\\/\\\/www.lacasagrande.net\\\/#organization\"},\"image\":{\"@id\":\"https:\\\/\\\/www.lacasagrande.net\\\/en\\\/blog\\\/paseo-estival-la-sierra-grazalema\\\/#primaryimage\"},\"thumbnailUrl\":\"https:\\\/\\\/www.lacasagrande.net\\\/wp-content\\\/uploads\\\/2017\\\/07\\\/LACASAGRANDE_BLOG_entrada1_foto1.jpg\",\"keywords\":[\"alcaucil\",\"arroyo\",\"benaocaz\",\"C\u00e1diz\",\"ca\u00edllo\",\"estival\",\"ganado\",\"grazalema\",\"mitano\",\"pajaruco\",\"paseo\",\"senderismo\",\"sierra\",\"verano\"],\"articleSection\":[\"Sierra de Grazalema\"],\"inLanguage\":\"en-US\"},{\"@type\":\"WebPage\",\"@id\":\"https:\\\/\\\/www.lacasagrande.net\\\/en\\\/blog\\\/paseo-estival-la-sierra-grazalema\\\/\",\"url\":\"https:\\\/\\\/www.lacasagrande.net\\\/en\\\/blog\\\/paseo-estival-la-sierra-grazalema\\\/\",\"name\":\"Paseo estival por la Sierra de Grazalema - La Casa Grande\",\"isPartOf\":{\"@id\":\"https:\\\/\\\/www.lacasagrande.net\\\/#website\"},\"primaryImageOfPage\":{\"@id\":\"https:\\\/\\\/www.lacasagrande.net\\\/en\\\/blog\\\/paseo-estival-la-sierra-grazalema\\\/#primaryimage\"},\"image\":{\"@id\":\"https:\\\/\\\/www.lacasagrande.net\\\/en\\\/blog\\\/paseo-estival-la-sierra-grazalema\\\/#primaryimage\"},\"thumbnailUrl\":\"https:\\\/\\\/www.lacasagrande.net\\\/wp-content\\\/uploads\\\/2017\\\/07\\\/LACASAGRANDE_BLOG_entrada1_foto1.jpg\",\"datePublished\":\"2017-07-24T17:40:53+00:00\",\"dateModified\":\"2023-03-21T09:22:53+00:00\",\"breadcrumb\":{\"@id\":\"https:\\\/\\\/www.lacasagrande.net\\\/en\\\/blog\\\/paseo-estival-la-sierra-grazalema\\\/#breadcrumb\"},\"inLanguage\":\"en-US\",\"potentialAction\":[{\"@type\":\"ReadAction\",\"target\":[\"https:\\\/\\\/www.lacasagrande.net\\\/en\\\/blog\\\/paseo-estival-la-sierra-grazalema\\\/\"]}]},{\"@type\":\"ImageObject\",\"inLanguage\":\"en-US\",\"@id\":\"https:\\\/\\\/www.lacasagrande.net\\\/en\\\/blog\\\/paseo-estival-la-sierra-grazalema\\\/#primaryimage\",\"url\":\"https:\\\/\\\/www.lacasagrande.net\\\/wp-content\\\/uploads\\\/2017\\\/07\\\/LACASAGRANDE_BLOG_entrada1_foto1.jpg\",\"contentUrl\":\"https:\\\/\\\/www.lacasagrande.net\\\/wp-content\\\/uploads\\\/2017\\\/07\\\/LACASAGRANDE_BLOG_entrada1_foto1.jpg\",\"width\":1800,\"height\":1011},{\"@type\":\"BreadcrumbList\",\"@id\":\"https:\\\/\\\/www.lacasagrande.net\\\/en\\\/blog\\\/paseo-estival-la-sierra-grazalema\\\/#breadcrumb\",\"itemListElement\":[{\"@type\":\"ListItem\",\"position\":1,\"name\":\"Portada\",\"item\":\"https:\\\/\\\/www.lacasagrande.net\\\/en\\\/\"},{\"@type\":\"ListItem\",\"position\":2,\"name\":\"Paseo estival por la Sierra de Grazalema\"}]},{\"@type\":\"WebSite\",\"@id\":\"https:\\\/\\\/www.lacasagrande.net\\\/#website\",\"url\":\"https:\\\/\\\/www.lacasagrande.net\\\/\",\"name\":\"La Casa Grande\",\"description\":\"Arcos de la Frontera. Hotel Boutique\",\"publisher\":{\"@id\":\"https:\\\/\\\/www.lacasagrande.net\\\/#organization\"},\"alternateName\":\"Hotel La Casa Grande\",\"potentialAction\":[{\"@type\":\"SearchAction\",\"target\":{\"@type\":\"EntryPoint\",\"urlTemplate\":\"https:\\\/\\\/www.lacasagrande.net\\\/?s={search_term_string}\"},\"query-input\":{\"@type\":\"PropertyValueSpecification\",\"valueRequired\":true,\"valueName\":\"search_term_string\"}}],\"inLanguage\":\"en-US\"},{\"@type\":\"Organization\",\"@id\":\"https:\\\/\\\/www.lacasagrande.net\\\/#organization\",\"name\":\"Hotel La Casa Grande. Cadiz. Arcos de la Frontera\",\"alternateName\":\"Hotel La Casa Grande\",\"url\":\"https:\\\/\\\/www.lacasagrande.net\\\/\",\"logo\":{\"@type\":\"ImageObject\",\"inLanguage\":\"en-US\",\"@id\":\"https:\\\/\\\/www.lacasagrande.net\\\/#\\\/schema\\\/logo\\\/image\\\/\",\"url\":\"https:\\\/\\\/www.lacasagrande.net\\\/wp-content\\\/uploads\\\/2017\\\/03\\\/lacasagrande.svg\",\"contentUrl\":\"https:\\\/\\\/www.lacasagrande.net\\\/wp-content\\\/uploads\\\/2017\\\/03\\\/lacasagrande.svg\",\"width\":1,\"height\":1,\"caption\":\"Hotel La Casa Grande. Cadiz. Arcos de la Frontera\"},\"image\":{\"@id\":\"https:\\\/\\\/www.lacasagrande.net\\\/#\\\/schema\\\/logo\\\/image\\\/\"},\"sameAs\":[\"https:\\\/\\\/www.facebook.com\\\/La-Casa-Grande-de-Arcos-158477297524954\"]},{\"@type\":\"Person\",\"@id\":\"https:\\\/\\\/www.lacasagrande.net\\\/#\\\/schema\\\/person\\\/62abbd24199dcb38c9b899dbd8ee04f7\",\"name\":\"lacasagrande_web\",\"image\":{\"@type\":\"ImageObject\",\"inLanguage\":\"en-US\",\"@id\":\"https:\\\/\\\/secure.gravatar.com\\\/avatar\\\/a9372dfc5c714e1716b565719cf69b47f8dc4507f760f6b87ccc0e362d9b9a2a?s=96&d=mm&r=g\",\"url\":\"https:\\\/\\\/secure.gravatar.com\\\/avatar\\\/a9372dfc5c714e1716b565719cf69b47f8dc4507f760f6b87ccc0e362d9b9a2a?s=96&d=mm&r=g\",\"contentUrl\":\"https:\\\/\\\/secure.gravatar.com\\\/avatar\\\/a9372dfc5c714e1716b565719cf69b47f8dc4507f760f6b87ccc0e362d9b9a2a?s=96&d=mm&r=g\",\"caption\":\"lacasagrande_web\"}}]}<\/script>\n<!-- \/ Yoast SEO plugin. -->","yoast_head_json":{"title":"Paseo estival por la Sierra de Grazalema - La Casa Grande","robots":{"index":"index","follow":"follow","max-snippet":"max-snippet:-1","max-image-preview":"max-image-preview:large","max-video-preview":"max-video-preview:-1"},"canonical":"https:\/\/www.lacasagrande.net\/en\/blog\/paseo-estival-la-sierra-grazalema\/","og_locale":"en_US","og_type":"article","og_title":"Paseo estival por la Sierra de Grazalema - La Casa Grande","og_description":"Bien merece la pena madrugar para pasear por la Sierra de Grazalema, a\u00fan en pleno verano cuando ni el ganado se sumerge entre sus monta\u00f1as. El Arroyo del Pajaruco estaba seco y la Cascada del Mitano era tan solo una huella de verd\u00edn sobre la roca. A\u00fan as\u00ed, un paseo circular vespertino recarga las energ\u00edas&hellip;","og_url":"https:\/\/www.lacasagrande.net\/en\/blog\/paseo-estival-la-sierra-grazalema\/","og_site_name":"La Casa Grande","article_publisher":"https:\/\/www.facebook.com\/La-Casa-Grande-de-Arcos-158477297524954","article_published_time":"2017-07-24T17:40:53+00:00","article_modified_time":"2023-03-21T09:22:53+00:00","og_image":[{"width":1800,"height":1011,"url":"https:\/\/www.lacasagrande.net\/wp-content\/uploads\/2017\/07\/LACASAGRANDE_BLOG_entrada1_foto1.jpg","type":"image\/jpeg"}],"author":"lacasagrande_web","twitter_card":"summary_large_image","twitter_misc":{"Written by":"lacasagrande_web","Est. reading time":"1 minute"},"schema":{"@context":"https:\/\/schema.org","@graph":[{"@type":"Article","@id":"https:\/\/www.lacasagrande.net\/en\/blog\/paseo-estival-la-sierra-grazalema\/#article","isPartOf":{"@id":"https:\/\/www.lacasagrande.net\/en\/blog\/paseo-estival-la-sierra-grazalema\/"},"author":{"name":"lacasagrande_web","@id":"https:\/\/www.lacasagrande.net\/#\/schema\/person\/62abbd24199dcb38c9b899dbd8ee04f7"},"headline":"Paseo estival por la Sierra de Grazalema","datePublished":"2017-07-24T17:40:53+00:00","dateModified":"2023-03-21T09:22:53+00:00","mainEntityOfPage":{"@id":"https:\/\/www.lacasagrande.net\/en\/blog\/paseo-estival-la-sierra-grazalema\/"},"wordCount":299,"publisher":{"@id":"https:\/\/www.lacasagrande.net\/#organization"},"image":{"@id":"https:\/\/www.lacasagrande.net\/en\/blog\/paseo-estival-la-sierra-grazalema\/#primaryimage"},"thumbnailUrl":"https:\/\/www.lacasagrande.net\/wp-content\/uploads\/2017\/07\/LACASAGRANDE_BLOG_entrada1_foto1.jpg","keywords":["alcaucil","arroyo","benaocaz","C\u00e1diz","ca\u00edllo","estival","ganado","grazalema","mitano","pajaruco","paseo","senderismo","sierra","verano"],"articleSection":["Sierra de Grazalema"],"inLanguage":"en-US"},{"@type":"WebPage","@id":"https:\/\/www.lacasagrande.net\/en\/blog\/paseo-estival-la-sierra-grazalema\/","url":"https:\/\/www.lacasagrande.net\/en\/blog\/paseo-estival-la-sierra-grazalema\/","name":"Paseo estival por la Sierra de Grazalema - La Casa Grande","isPartOf":{"@id":"https:\/\/www.lacasagrande.net\/#website"},"primaryImageOfPage":{"@id":"https:\/\/www.lacasagrande.net\/en\/blog\/paseo-estival-la-sierra-grazalema\/#primaryimage"},"image":{"@id":"https:\/\/www.lacasagrande.net\/en\/blog\/paseo-estival-la-sierra-grazalema\/#primaryimage"},"thumbnailUrl":"https:\/\/www.lacasagrande.net\/wp-content\/uploads\/2017\/07\/LACASAGRANDE_BLOG_entrada1_foto1.jpg","datePublished":"2017-07-24T17:40:53+00:00","dateModified":"2023-03-21T09:22:53+00:00","breadcrumb":{"@id":"https:\/\/www.lacasagrande.net\/en\/blog\/paseo-estival-la-sierra-grazalema\/#breadcrumb"},"inLanguage":"en-US","potentialAction":[{"@type":"ReadAction","target":["https:\/\/www.lacasagrande.net\/en\/blog\/paseo-estival-la-sierra-grazalema\/"]}]},{"@type":"ImageObject","inLanguage":"en-US","@id":"https:\/\/www.lacasagrande.net\/en\/blog\/paseo-estival-la-sierra-grazalema\/#primaryimage","url":"https:\/\/www.lacasagrande.net\/wp-content\/uploads\/2017\/07\/LACASAGRANDE_BLOG_entrada1_foto1.jpg","contentUrl":"https:\/\/www.lacasagrande.net\/wp-content\/uploads\/2017\/07\/LACASAGRANDE_BLOG_entrada1_foto1.jpg","width":1800,"height":1011},{"@type":"BreadcrumbList","@id":"https:\/\/www.lacasagrande.net\/en\/blog\/paseo-estival-la-sierra-grazalema\/#breadcrumb","itemListElement":[{"@type":"ListItem","position":1,"name":"Portada","item":"https:\/\/www.lacasagrande.net\/en\/"},{"@type":"ListItem","position":2,"name":"Paseo estival por la Sierra de Grazalema"}]},{"@type":"WebSite","@id":"https:\/\/www.lacasagrande.net\/#website","url":"https:\/\/www.lacasagrande.net\/","name":"La Casa Grande","description":"Arcos de la Frontera. Hotel Boutique","publisher":{"@id":"https:\/\/www.lacasagrande.net\/#organization"},"alternateName":"Hotel La Casa Grande","potentialAction":[{"@type":"SearchAction","target":{"@type":"EntryPoint","urlTemplate":"https:\/\/www.lacasagrande.net\/?s={search_term_string}"},"query-input":{"@type":"PropertyValueSpecification","valueRequired":true,"valueName":"search_term_string"}}],"inLanguage":"en-US"},{"@type":"Organization","@id":"https:\/\/www.lacasagrande.net\/#organization","name":"Hotel La Casa Grande. Cadiz. Arcos de la Frontera","alternateName":"Hotel La Casa Grande","url":"https:\/\/www.lacasagrande.net\/","logo":{"@type":"ImageObject","inLanguage":"en-US","@id":"https:\/\/www.lacasagrande.net\/#\/schema\/logo\/image\/","url":"https:\/\/www.lacasagrande.net\/wp-content\/uploads\/2017\/03\/lacasagrande.svg","contentUrl":"https:\/\/www.lacasagrande.net\/wp-content\/uploads\/2017\/03\/lacasagrande.svg","width":1,"height":1,"caption":"Hotel La Casa Grande. Cadiz. Arcos de la Frontera"},"image":{"@id":"https:\/\/www.lacasagrande.net\/#\/schema\/logo\/image\/"},"sameAs":["https:\/\/www.facebook.com\/La-Casa-Grande-de-Arcos-158477297524954"]},{"@type":"Person","@id":"https:\/\/www.lacasagrande.net\/#\/schema\/person\/62abbd24199dcb38c9b899dbd8ee04f7","name":"lacasagrande_web","image":{"@type":"ImageObject","inLanguage":"en-US","@id":"https:\/\/secure.gravatar.com\/avatar\/a9372dfc5c714e1716b565719cf69b47f8dc4507f760f6b87ccc0e362d9b9a2a?s=96&d=mm&r=g","url":"https:\/\/secure.gravatar.com\/avatar\/a9372dfc5c714e1716b565719cf69b47f8dc4507f760f6b87ccc0e362d9b9a2a?s=96&d=mm&r=g","contentUrl":"https:\/\/secure.gravatar.com\/avatar\/a9372dfc5c714e1716b565719cf69b47f8dc4507f760f6b87ccc0e362d9b9a2a?s=96&d=mm&r=g","caption":"lacasagrande_web"}}]}},"_links":{"self":[{"href":"https:\/\/www.lacasagrande.net\/en\/wp-json\/wp\/v2\/posts\/1145","targetHints":{"allow":["GET"]}}],"collection":[{"href":"https:\/\/www.lacasagrande.net\/en\/wp-json\/wp\/v2\/posts"}],"about":[{"href":"https:\/\/www.lacasagrande.net\/en\/wp-json\/wp\/v2\/types\/post"}],"author":[{"embeddable":true,"href":"https:\/\/www.lacasagrande.net\/en\/wp-json\/wp\/v2\/users\/4"}],"replies":[{"embeddable":true,"href":"https:\/\/www.lacasagrande.net\/en\/wp-json\/wp\/v2\/comments?post=1145"}],"version-history":[{"count":0,"href":"https:\/\/www.lacasagrande.net\/en\/wp-json\/wp\/v2\/posts\/1145\/revisions"}],"wp:featuredmedia":[{"embeddable":true,"href":"https:\/\/www.lacasagrande.net\/en\/wp-json\/wp\/v2\/media\/1129"}],"wp:attachment":[{"href":"https:\/\/www.lacasagrande.net\/en\/wp-json\/wp\/v2\/media?parent=1145"}],"wp:term":[{"taxonomy":"category","embeddable":true,"href":"https:\/\/www.lacasagrande.net\/en\/wp-json\/wp\/v2\/categories?post=1145"},{"taxonomy":"post_tag","embeddable":true,"href":"https:\/\/www.lacasagrande.net\/en\/wp-json\/wp\/v2\/tags?post=1145"},{"taxonomy":"post_series","embeddable":true,"href":"https:\/\/www.lacasagrande.net\/en\/wp-json\/wp\/v2\/post_series?post=1145"}],"curies":[{"name":"wp","href":"https:\/\/api.w.org\/{rel}","templated":true}]}}