{"id":1326,"date":"2018-11-28T19:45:15","date_gmt":"2018-11-28T18:45:15","guid":{"rendered":"https:\/\/www.lacasagrande.net\/blog\/las-flores-de-arcos-florecen-en-barcelona\/"},"modified":"2023-03-21T10:22:47","modified_gmt":"2023-03-21T09:22:47","slug":"las-flores-de-arcos-florecen-en-barcelona","status":"publish","type":"post","link":"https:\/\/www.lacasagrande.net\/en\/blog\/las-flores-de-arcos-florecen-en-barcelona\/","title":{"rendered":"Las flores de Arcos florecen en Barcelona"},"content":{"rendered":"<p>El pasado 22 de noviembre presentamos en la librer\u00eda Jaimes de Barcelona nuestro libro Flores en la Frontera con acuarelas de Ram\u00f3n Herreros y editado por La Casa Grande. La presentaci\u00f3n del libro corri\u00f3 a cargo de Andreu Teixidor de Vent\u00f3s.<\/p>\n<p>Ram\u00f3n Herreros y Elena Posa estuvieron acompa\u00f1ados por Nuria Vidal, Pepa Caro y Estrella Serrano, algunas de las autoras de los textos incluidos en el libro. El acto estuvo muy concurrido y tuvo una c\u00e1lida acogida.<\/p>\n<p>Adem\u00e1s de la presentaci\u00f3n del libro tambi\u00e9n inauguramos la exposici\u00f3n de las acuarelas originales de Ram\u00f3n Herreros que continuar\u00e1 hasta el 8 de diciembre en Barcelona.<\/p>\n<p>En febrero presentaremos el libro y expondremos las acuarelas originales en Arcos, de lo que informaremos m\u00e1s adelante.<\/p>\n<p>Las fotos son de Estrella Serrano.<\/p>\n<p><img decoding=\"async\" class=\"aligncenter size-medium wp-image-1318 lazyload\" data-src=\"https:\/\/www.lacasagrande.net\/wp-content\/uploads\/2018\/11\/IMG-0073-300x214.jpg\" alt=\"\" width=\"300\" height=\"214\" data-srcset=\"https:\/\/www.lacasagrande.net\/wp-content\/uploads\/2018\/11\/IMG-0073-300x214.jpg 300w, https:\/\/www.lacasagrande.net\/wp-content\/uploads\/2018\/11\/IMG-0073.jpg 320w\" data-sizes=\"(max-width: 300px) 100vw, 300px\" src=\"data:image\/svg+xml;base64,PHN2ZyB3aWR0aD0iMSIgaGVpZ2h0PSIxIiB4bWxucz0iaHR0cDovL3d3dy53My5vcmcvMjAwMC9zdmciPjwvc3ZnPg==\" style=\"--smush-placeholder-width: 300px; --smush-placeholder-aspect-ratio: 300\/214;\" \/><img decoding=\"async\" class=\"aligncenter size-medium wp-image-1320 lazyload\" data-src=\"https:\/\/www.lacasagrande.net\/wp-content\/uploads\/2018\/11\/IMG-0078-300x225.jpg\" alt=\"\" width=\"300\" height=\"225\" data-srcset=\"https:\/\/www.lacasagrande.net\/wp-content\/uploads\/2018\/11\/IMG-0078-300x225.jpg 300w, https:\/\/www.lacasagrande.net\/wp-content\/uploads\/2018\/11\/IMG-0078.jpg 320w\" data-sizes=\"(max-width: 300px) 100vw, 300px\" src=\"data:image\/svg+xml;base64,PHN2ZyB3aWR0aD0iMSIgaGVpZ2h0PSIxIiB4bWxucz0iaHR0cDovL3d3dy53My5vcmcvMjAwMC9zdmciPjwvc3ZnPg==\" style=\"--smush-placeholder-width: 300px; --smush-placeholder-aspect-ratio: 300\/225;\" \/><img decoding=\"async\" class=\"aligncenter size-medium wp-image-1322 lazyload\" data-src=\"https:\/\/www.lacasagrande.net\/wp-content\/uploads\/2018\/11\/IMG-0095-300x177.jpg\" alt=\"\" width=\"300\" height=\"177\" data-srcset=\"https:\/\/www.lacasagrande.net\/wp-content\/uploads\/2018\/11\/IMG-0095-300x177.jpg 300w, https:\/\/www.lacasagrande.net\/wp-content\/uploads\/2018\/11\/IMG-0095.jpg 320w\" data-sizes=\"(max-width: 300px) 100vw, 300px\" src=\"data:image\/svg+xml;base64,PHN2ZyB3aWR0aD0iMSIgaGVpZ2h0PSIxIiB4bWxucz0iaHR0cDovL3d3dy53My5vcmcvMjAwMC9zdmciPjwvc3ZnPg==\" style=\"--smush-placeholder-width: 300px; --smush-placeholder-aspect-ratio: 300\/177;\" \/><\/p>\n","protected":false},"excerpt":{"rendered":"<p>El pasado 22 de noviembre presentamos en la librer\u00eda Jaimes de Barcelona nuestro libro Flores en la Frontera con acuarelas de Ram\u00f3n Herreros y editado por La Casa Grande. La presentaci\u00f3n del libro corri\u00f3 a cargo de Andreu Teixidor de Vent\u00f3s. Ram\u00f3n Herreros y Elena Posa estuvieron acompa\u00f1ados por Nuria Vidal, Pepa Caro y Estrella&hellip;<\/p>\n","protected":false},"author":4,"featured_media":1276,"comment_status":"closed","ping_status":"open","sticky":false,"template":"","format":"standard","meta":{"_acf_changed":false,"rs_blank_template":"","rs_page_bg_color":"","slide_template_v7":"","footnotes":""},"categories":[19],"tags":[],"post_series":[],"class_list":["post-1326","post","type-post","status-publish","format-standard","has-post-thumbnail","hentry","category-uncategorized","entry","has-media"],"acf":[],"yoast_head":"<!-- This site is optimized with the Yoast SEO plugin v27.5 - https:\/\/yoast.com\/product\/yoast-seo-wordpress\/ -->\n<title>Las flores de Arcos florecen en Barcelona - La Casa Grande<\/title>\n<meta name=\"robots\" content=\"index, follow, max-snippet:-1, max-image-preview:large, max-video-preview:-1\" \/>\n<link rel=\"canonical\" href=\"https:\/\/www.lacasagrande.net\/en\/blog\/las-flores-de-arcos-florecen-en-barcelona\/\" \/>\n<meta property=\"og:locale\" content=\"en_US\" \/>\n<meta property=\"og:type\" content=\"article\" \/>\n<meta property=\"og:title\" content=\"Las flores de Arcos florecen en Barcelona - La Casa Grande\" \/>\n<meta property=\"og:description\" content=\"El pasado 22 de noviembre presentamos en la librer\u00eda Jaimes de Barcelona nuestro libro Flores en la Frontera con acuarelas de Ram\u00f3n Herreros y editado por La Casa Grande. La presentaci\u00f3n del libro corri\u00f3 a cargo de Andreu Teixidor de Vent\u00f3s. Ram\u00f3n Herreros y Elena Posa estuvieron acompa\u00f1ados por Nuria Vidal, Pepa Caro y Estrella&hellip;\" \/>\n<meta property=\"og:url\" content=\"https:\/\/www.lacasagrande.net\/en\/blog\/las-flores-de-arcos-florecen-en-barcelona\/\" \/>\n<meta property=\"og:site_name\" content=\"La Casa Grande\" \/>\n<meta property=\"article:publisher\" content=\"https:\/\/www.facebook.com\/La-Casa-Grande-de-Arcos-158477297524954\" \/>\n<meta property=\"article:published_time\" content=\"2018-11-28T18:45:15+00:00\" \/>\n<meta property=\"article:modified_time\" content=\"2023-03-21T09:22:47+00:00\" \/>\n<meta property=\"og:image\" content=\"https:\/\/www.lacasagrande.net\/wp-content\/uploads\/2018\/10\/portada-buena.jpeg\" \/>\n\t<meta property=\"og:image:width\" content=\"236\" \/>\n\t<meta property=\"og:image:height\" content=\"320\" \/>\n\t<meta property=\"og:image:type\" content=\"image\/jpeg\" \/>\n<meta name=\"author\" content=\"lacasagrande_web\" \/>\n<meta name=\"twitter:card\" content=\"summary_large_image\" \/>\n<meta name=\"twitter:label1\" content=\"Written by\" \/>\n\t<meta name=\"twitter:data1\" content=\"lacasagrande_web\" \/>\n\t<meta name=\"twitter:label2\" content=\"Est. reading time\" \/>\n\t<meta name=\"twitter:data2\" content=\"1 minute\" \/>\n<script type=\"application\/ld+json\" class=\"yoast-schema-graph\">{\"@context\":\"https:\\\/\\\/schema.org\",\"@graph\":[{\"@type\":\"Article\",\"@id\":\"https:\\\/\\\/www.lacasagrande.net\\\/en\\\/blog\\\/las-flores-de-arcos-florecen-en-barcelona\\\/#article\",\"isPartOf\":{\"@id\":\"https:\\\/\\\/www.lacasagrande.net\\\/en\\\/blog\\\/las-flores-de-arcos-florecen-en-barcelona\\\/\"},\"author\":{\"name\":\"lacasagrande_web\",\"@id\":\"https:\\\/\\\/www.lacasagrande.net\\\/#\\\/schema\\\/person\\\/62abbd24199dcb38c9b899dbd8ee04f7\"},\"headline\":\"Las flores de Arcos florecen en Barcelona\",\"datePublished\":\"2018-11-28T18:45:15+00:00\",\"dateModified\":\"2023-03-21T09:22:47+00:00\",\"mainEntityOfPage\":{\"@id\":\"https:\\\/\\\/www.lacasagrande.net\\\/en\\\/blog\\\/las-flores-de-arcos-florecen-en-barcelona\\\/\"},\"wordCount\":145,\"publisher\":{\"@id\":\"https:\\\/\\\/www.lacasagrande.net\\\/#organization\"},\"image\":{\"@id\":\"https:\\\/\\\/www.lacasagrande.net\\\/en\\\/blog\\\/las-flores-de-arcos-florecen-en-barcelona\\\/#primaryimage\"},\"thumbnailUrl\":\"https:\\\/\\\/www.lacasagrande.net\\\/wp-content\\\/uploads\\\/2018\\\/10\\\/portada-buena.jpeg\",\"inLanguage\":\"en-US\"},{\"@type\":\"WebPage\",\"@id\":\"https:\\\/\\\/www.lacasagrande.net\\\/en\\\/blog\\\/las-flores-de-arcos-florecen-en-barcelona\\\/\",\"url\":\"https:\\\/\\\/www.lacasagrande.net\\\/en\\\/blog\\\/las-flores-de-arcos-florecen-en-barcelona\\\/\",\"name\":\"Las flores de Arcos florecen en Barcelona - La Casa Grande\",\"isPartOf\":{\"@id\":\"https:\\\/\\\/www.lacasagrande.net\\\/#website\"},\"primaryImageOfPage\":{\"@id\":\"https:\\\/\\\/www.lacasagrande.net\\\/en\\\/blog\\\/las-flores-de-arcos-florecen-en-barcelona\\\/#primaryimage\"},\"image\":{\"@id\":\"https:\\\/\\\/www.lacasagrande.net\\\/en\\\/blog\\\/las-flores-de-arcos-florecen-en-barcelona\\\/#primaryimage\"},\"thumbnailUrl\":\"https:\\\/\\\/www.lacasagrande.net\\\/wp-content\\\/uploads\\\/2018\\\/10\\\/portada-buena.jpeg\",\"datePublished\":\"2018-11-28T18:45:15+00:00\",\"dateModified\":\"2023-03-21T09:22:47+00:00\",\"breadcrumb\":{\"@id\":\"https:\\\/\\\/www.lacasagrande.net\\\/en\\\/blog\\\/las-flores-de-arcos-florecen-en-barcelona\\\/#breadcrumb\"},\"inLanguage\":\"en-US\",\"potentialAction\":[{\"@type\":\"ReadAction\",\"target\":[\"https:\\\/\\\/www.lacasagrande.net\\\/en\\\/blog\\\/las-flores-de-arcos-florecen-en-barcelona\\\/\"]}]},{\"@type\":\"ImageObject\",\"inLanguage\":\"en-US\",\"@id\":\"https:\\\/\\\/www.lacasagrande.net\\\/en\\\/blog\\\/las-flores-de-arcos-florecen-en-barcelona\\\/#primaryimage\",\"url\":\"https:\\\/\\\/www.lacasagrande.net\\\/wp-content\\\/uploads\\\/2018\\\/10\\\/portada-buena.jpeg\",\"contentUrl\":\"https:\\\/\\\/www.lacasagrande.net\\\/wp-content\\\/uploads\\\/2018\\\/10\\\/portada-buena.jpeg\",\"width\":236,\"height\":320},{\"@type\":\"BreadcrumbList\",\"@id\":\"https:\\\/\\\/www.lacasagrande.net\\\/en\\\/blog\\\/las-flores-de-arcos-florecen-en-barcelona\\\/#breadcrumb\",\"itemListElement\":[{\"@type\":\"ListItem\",\"position\":1,\"name\":\"Portada\",\"item\":\"https:\\\/\\\/www.lacasagrande.net\\\/en\\\/\"},{\"@type\":\"ListItem\",\"position\":2,\"name\":\"Las flores de Arcos florecen en Barcelona\"}]},{\"@type\":\"WebSite\",\"@id\":\"https:\\\/\\\/www.lacasagrande.net\\\/#website\",\"url\":\"https:\\\/\\\/www.lacasagrande.net\\\/\",\"name\":\"La Casa Grande\",\"description\":\"Arcos de la Frontera. Hotel Boutique\",\"publisher\":{\"@id\":\"https:\\\/\\\/www.lacasagrande.net\\\/#organization\"},\"alternateName\":\"Hotel La Casa Grande\",\"potentialAction\":[{\"@type\":\"SearchAction\",\"target\":{\"@type\":\"EntryPoint\",\"urlTemplate\":\"https:\\\/\\\/www.lacasagrande.net\\\/?s={search_term_string}\"},\"query-input\":{\"@type\":\"PropertyValueSpecification\",\"valueRequired\":true,\"valueName\":\"search_term_string\"}}],\"inLanguage\":\"en-US\"},{\"@type\":\"Organization\",\"@id\":\"https:\\\/\\\/www.lacasagrande.net\\\/#organization\",\"name\":\"Hotel La Casa Grande. Cadiz. Arcos de la Frontera\",\"alternateName\":\"Hotel La Casa Grande\",\"url\":\"https:\\\/\\\/www.lacasagrande.net\\\/\",\"logo\":{\"@type\":\"ImageObject\",\"inLanguage\":\"en-US\",\"@id\":\"https:\\\/\\\/www.lacasagrande.net\\\/#\\\/schema\\\/logo\\\/image\\\/\",\"url\":\"https:\\\/\\\/www.lacasagrande.net\\\/wp-content\\\/uploads\\\/2017\\\/03\\\/lacasagrande.svg\",\"contentUrl\":\"https:\\\/\\\/www.lacasagrande.net\\\/wp-content\\\/uploads\\\/2017\\\/03\\\/lacasagrande.svg\",\"width\":1,\"height\":1,\"caption\":\"Hotel La Casa Grande. Cadiz. Arcos de la Frontera\"},\"image\":{\"@id\":\"https:\\\/\\\/www.lacasagrande.net\\\/#\\\/schema\\\/logo\\\/image\\\/\"},\"sameAs\":[\"https:\\\/\\\/www.facebook.com\\\/La-Casa-Grande-de-Arcos-158477297524954\"]},{\"@type\":\"Person\",\"@id\":\"https:\\\/\\\/www.lacasagrande.net\\\/#\\\/schema\\\/person\\\/62abbd24199dcb38c9b899dbd8ee04f7\",\"name\":\"lacasagrande_web\",\"image\":{\"@type\":\"ImageObject\",\"inLanguage\":\"en-US\",\"@id\":\"https:\\\/\\\/secure.gravatar.com\\\/avatar\\\/a9372dfc5c714e1716b565719cf69b47f8dc4507f760f6b87ccc0e362d9b9a2a?s=96&d=mm&r=g\",\"url\":\"https:\\\/\\\/secure.gravatar.com\\\/avatar\\\/a9372dfc5c714e1716b565719cf69b47f8dc4507f760f6b87ccc0e362d9b9a2a?s=96&d=mm&r=g\",\"contentUrl\":\"https:\\\/\\\/secure.gravatar.com\\\/avatar\\\/a9372dfc5c714e1716b565719cf69b47f8dc4507f760f6b87ccc0e362d9b9a2a?s=96&d=mm&r=g\",\"caption\":\"lacasagrande_web\"}}]}<\/script>\n<!-- \/ Yoast SEO plugin. -->","yoast_head_json":{"title":"Las flores de Arcos florecen en Barcelona - La Casa Grande","robots":{"index":"index","follow":"follow","max-snippet":"max-snippet:-1","max-image-preview":"max-image-preview:large","max-video-preview":"max-video-preview:-1"},"canonical":"https:\/\/www.lacasagrande.net\/en\/blog\/las-flores-de-arcos-florecen-en-barcelona\/","og_locale":"en_US","og_type":"article","og_title":"Las flores de Arcos florecen en Barcelona - La Casa Grande","og_description":"El pasado 22 de noviembre presentamos en la librer\u00eda Jaimes de Barcelona nuestro libro Flores en la Frontera con acuarelas de Ram\u00f3n Herreros y editado por La Casa Grande. La presentaci\u00f3n del libro corri\u00f3 a cargo de Andreu Teixidor de Vent\u00f3s. Ram\u00f3n Herreros y Elena Posa estuvieron acompa\u00f1ados por Nuria Vidal, Pepa Caro y Estrella&hellip;","og_url":"https:\/\/www.lacasagrande.net\/en\/blog\/las-flores-de-arcos-florecen-en-barcelona\/","og_site_name":"La Casa Grande","article_publisher":"https:\/\/www.facebook.com\/La-Casa-Grande-de-Arcos-158477297524954","article_published_time":"2018-11-28T18:45:15+00:00","article_modified_time":"2023-03-21T09:22:47+00:00","og_image":[{"width":236,"height":320,"url":"https:\/\/www.lacasagrande.net\/wp-content\/uploads\/2018\/10\/portada-buena.jpeg","type":"image\/jpeg"}],"author":"lacasagrande_web","twitter_card":"summary_large_image","twitter_misc":{"Written by":"lacasagrande_web","Est. reading time":"1 minute"},"schema":{"@context":"https:\/\/schema.org","@graph":[{"@type":"Article","@id":"https:\/\/www.lacasagrande.net\/en\/blog\/las-flores-de-arcos-florecen-en-barcelona\/#article","isPartOf":{"@id":"https:\/\/www.lacasagrande.net\/en\/blog\/las-flores-de-arcos-florecen-en-barcelona\/"},"author":{"name":"lacasagrande_web","@id":"https:\/\/www.lacasagrande.net\/#\/schema\/person\/62abbd24199dcb38c9b899dbd8ee04f7"},"headline":"Las flores de Arcos florecen en Barcelona","datePublished":"2018-11-28T18:45:15+00:00","dateModified":"2023-03-21T09:22:47+00:00","mainEntityOfPage":{"@id":"https:\/\/www.lacasagrande.net\/en\/blog\/las-flores-de-arcos-florecen-en-barcelona\/"},"wordCount":145,"publisher":{"@id":"https:\/\/www.lacasagrande.net\/#organization"},"image":{"@id":"https:\/\/www.lacasagrande.net\/en\/blog\/las-flores-de-arcos-florecen-en-barcelona\/#primaryimage"},"thumbnailUrl":"https:\/\/www.lacasagrande.net\/wp-content\/uploads\/2018\/10\/portada-buena.jpeg","inLanguage":"en-US"},{"@type":"WebPage","@id":"https:\/\/www.lacasagrande.net\/en\/blog\/las-flores-de-arcos-florecen-en-barcelona\/","url":"https:\/\/www.lacasagrande.net\/en\/blog\/las-flores-de-arcos-florecen-en-barcelona\/","name":"Las flores de Arcos florecen en Barcelona - La Casa Grande","isPartOf":{"@id":"https:\/\/www.lacasagrande.net\/#website"},"primaryImageOfPage":{"@id":"https:\/\/www.lacasagrande.net\/en\/blog\/las-flores-de-arcos-florecen-en-barcelona\/#primaryimage"},"image":{"@id":"https:\/\/www.lacasagrande.net\/en\/blog\/las-flores-de-arcos-florecen-en-barcelona\/#primaryimage"},"thumbnailUrl":"https:\/\/www.lacasagrande.net\/wp-content\/uploads\/2018\/10\/portada-buena.jpeg","datePublished":"2018-11-28T18:45:15+00:00","dateModified":"2023-03-21T09:22:47+00:00","breadcrumb":{"@id":"https:\/\/www.lacasagrande.net\/en\/blog\/las-flores-de-arcos-florecen-en-barcelona\/#breadcrumb"},"inLanguage":"en-US","potentialAction":[{"@type":"ReadAction","target":["https:\/\/www.lacasagrande.net\/en\/blog\/las-flores-de-arcos-florecen-en-barcelona\/"]}]},{"@type":"ImageObject","inLanguage":"en-US","@id":"https:\/\/www.lacasagrande.net\/en\/blog\/las-flores-de-arcos-florecen-en-barcelona\/#primaryimage","url":"https:\/\/www.lacasagrande.net\/wp-content\/uploads\/2018\/10\/portada-buena.jpeg","contentUrl":"https:\/\/www.lacasagrande.net\/wp-content\/uploads\/2018\/10\/portada-buena.jpeg","width":236,"height":320},{"@type":"BreadcrumbList","@id":"https:\/\/www.lacasagrande.net\/en\/blog\/las-flores-de-arcos-florecen-en-barcelona\/#breadcrumb","itemListElement":[{"@type":"ListItem","position":1,"name":"Portada","item":"https:\/\/www.lacasagrande.net\/en\/"},{"@type":"ListItem","position":2,"name":"Las flores de Arcos florecen en Barcelona"}]},{"@type":"WebSite","@id":"https:\/\/www.lacasagrande.net\/#website","url":"https:\/\/www.lacasagrande.net\/","name":"La Casa Grande","description":"Arcos de la Frontera. Hotel Boutique","publisher":{"@id":"https:\/\/www.lacasagrande.net\/#organization"},"alternateName":"Hotel La Casa Grande","potentialAction":[{"@type":"SearchAction","target":{"@type":"EntryPoint","urlTemplate":"https:\/\/www.lacasagrande.net\/?s={search_term_string}"},"query-input":{"@type":"PropertyValueSpecification","valueRequired":true,"valueName":"search_term_string"}}],"inLanguage":"en-US"},{"@type":"Organization","@id":"https:\/\/www.lacasagrande.net\/#organization","name":"Hotel La Casa Grande. Cadiz. Arcos de la Frontera","alternateName":"Hotel La Casa Grande","url":"https:\/\/www.lacasagrande.net\/","logo":{"@type":"ImageObject","inLanguage":"en-US","@id":"https:\/\/www.lacasagrande.net\/#\/schema\/logo\/image\/","url":"https:\/\/www.lacasagrande.net\/wp-content\/uploads\/2017\/03\/lacasagrande.svg","contentUrl":"https:\/\/www.lacasagrande.net\/wp-content\/uploads\/2017\/03\/lacasagrande.svg","width":1,"height":1,"caption":"Hotel La Casa Grande. Cadiz. Arcos de la Frontera"},"image":{"@id":"https:\/\/www.lacasagrande.net\/#\/schema\/logo\/image\/"},"sameAs":["https:\/\/www.facebook.com\/La-Casa-Grande-de-Arcos-158477297524954"]},{"@type":"Person","@id":"https:\/\/www.lacasagrande.net\/#\/schema\/person\/62abbd24199dcb38c9b899dbd8ee04f7","name":"lacasagrande_web","image":{"@type":"ImageObject","inLanguage":"en-US","@id":"https:\/\/secure.gravatar.com\/avatar\/a9372dfc5c714e1716b565719cf69b47f8dc4507f760f6b87ccc0e362d9b9a2a?s=96&d=mm&r=g","url":"https:\/\/secure.gravatar.com\/avatar\/a9372dfc5c714e1716b565719cf69b47f8dc4507f760f6b87ccc0e362d9b9a2a?s=96&d=mm&r=g","contentUrl":"https:\/\/secure.gravatar.com\/avatar\/a9372dfc5c714e1716b565719cf69b47f8dc4507f760f6b87ccc0e362d9b9a2a?s=96&d=mm&r=g","caption":"lacasagrande_web"}}]}},"_links":{"self":[{"href":"https:\/\/www.lacasagrande.net\/en\/wp-json\/wp\/v2\/posts\/1326","targetHints":{"allow":["GET"]}}],"collection":[{"href":"https:\/\/www.lacasagrande.net\/en\/wp-json\/wp\/v2\/posts"}],"about":[{"href":"https:\/\/www.lacasagrande.net\/en\/wp-json\/wp\/v2\/types\/post"}],"author":[{"embeddable":true,"href":"https:\/\/www.lacasagrande.net\/en\/wp-json\/wp\/v2\/users\/4"}],"replies":[{"embeddable":true,"href":"https:\/\/www.lacasagrande.net\/en\/wp-json\/wp\/v2\/comments?post=1326"}],"version-history":[{"count":0,"href":"https:\/\/www.lacasagrande.net\/en\/wp-json\/wp\/v2\/posts\/1326\/revisions"}],"wp:featuredmedia":[{"embeddable":true,"href":"https:\/\/www.lacasagrande.net\/en\/wp-json\/wp\/v2\/media\/1276"}],"wp:attachment":[{"href":"https:\/\/www.lacasagrande.net\/en\/wp-json\/wp\/v2\/media?parent=1326"}],"wp:term":[{"taxonomy":"category","embeddable":true,"href":"https:\/\/www.lacasagrande.net\/en\/wp-json\/wp\/v2\/categories?post=1326"},{"taxonomy":"post_tag","embeddable":true,"href":"https:\/\/www.lacasagrande.net\/en\/wp-json\/wp\/v2\/tags?post=1326"},{"taxonomy":"post_series","embeddable":true,"href":"https:\/\/www.lacasagrande.net\/en\/wp-json\/wp\/v2\/post_series?post=1326"}],"curies":[{"name":"wp","href":"https:\/\/api.w.org\/{rel}","templated":true}]}}