{"id":2740,"date":"2019-02-19T21:31:09","date_gmt":"2019-02-19T20:31:09","guid":{"rendered":"https:\/\/www.lacasagrande.net\/?p=2740"},"modified":"2019-02-19T22:27:10","modified_gmt":"2019-02-19T21:27:10","slug":"flores-en-arcos-de-la-frontera","status":"publish","type":"post","link":"https:\/\/www.lacasagrande.net\/en\/blog\/flores-en-arcos-de-la-frontera\/","title":{"rendered":"Flores en la Frontera"},"content":{"rendered":"<div class=\"\"><em><span class=\"\"> Nuria Vidal, escritora, cr\u00edtica de cine y una muy buena amiga que se ha encargado de la coordinaci\u00f3n del libro Flores en la Frontera, ha escrito esta rese\u00f1a de la presentaci\u00f3n.<\/span><\/em><\/div>\n<div><\/div>\n<div>Flores en (Arcos de) la Frontera<\/div>\n<div class=\"\"><span class=\"\">El viernes de la semana pasada, 15 de febrero, un d\u00eda despu\u00e9s de San Valent\u00edn, fue un viernes muy especial. Se cerraba un ciclo y se cumpl\u00eda un deseo. Esa tarde, luminosa, azul y fr\u00eda, se present\u00f3 el libro\u00a0<i class=\"\">Flores en la Frontera<\/i>\u00a0en su lugar de nacimiento, la ciudad de Arcos de la Frontera. El deseo era ese, llevar el libro acabado al lugar donde empez\u00f3 su andadura hace dos a\u00f1os; el ciclo era ese tambi\u00e9n, cerrar el c\u00edrculo desde las fotos que Elena Posa tom\u00f3 en las ma\u00f1anas del verano de 2017, que Ramon Herreros convirti\u00f3 en preciosas acuarelas dibujadas con paciencia y amor durante el invierno y que Alejandra Varela convirti\u00f3 en un libro que es una peque\u00f1a joya. Todo ese trabajo, impulsado desde La Casa Grande de Arcos de la Frontera, se concentr\u00f3 en una emocionante presentaci\u00f3n que daba paso a la inauguraci\u00f3n de la exposici\u00f3n de los dibujos originales de Ramon Herreros en el patio del Palacio del Mayorazgo.<br \/>\n<\/span><\/div>\n<div class=\"\"><span class=\"\">\u00bfPor qu\u00e9 fue emocionante? Por el lugar. La peque\u00f1a capilla g\u00f3tica de la Misericordia, erigida encima de la sinagoga, frontera entre religiones, frontera entre arquitecturas, frontera entre lenguajes y personas, acogi\u00f3 las palabras de Daniel Garc\u00eda Delegado de Cultura del Ayuntamiento de Arcos que agradeci\u00f3 el trabajo que hace Elena Posa en la ciudad desde su magn\u00edfico hotel, La Casa Grande y muy especialmente la edici\u00f3n de este libro \u00fanico. El pintor Ramon Herreros visiblemente emocionado por estar en Arcos, donde naci\u00f3 el proyecto del herbario, reconoci\u00f3 la importancia de las plantas y las flores en la vida y en su trabajo. Por \u00faltimo Elena Posa, explic\u00f3 el proceso del libro, la colaboraci\u00f3n con Ramon y con todos los que han participado en su edici\u00f3n, entre ellos Estrella Serrano y Pepa Caro que leyeron sus textos en una nueva frontera, la de la palabra callada de lo escrito y la palabra escuchada de lo le\u00eddo en voz alta. El acto acab\u00f3 con la lectura de una cita de Goethe reproducida en el libro, que resume muy bien el sentir de\u00a0<i class=\"\">Flores en la Frontera<\/i>: \u201cSi yo pinto mi perro exactamente como es, naturalmente tendr\u00e9 dos perros, pero no una obra de arte\u201d.\u00a0<i class=\"\">Flores en la frontera<\/i>\u00a0es una obra de arte. Como pudieron comprobar los asistentes al acto cuando se desplazaron al cercano Palacio del Mayorazgo donde se pod\u00edan ver las acuarelas originales de las flores del libro en una exposici\u00f3n que, sobre todo a la luz del d\u00eda, con el sol entrando en el patio, aumenta toda la belleza de estas flores que son de Arcos y son de Ramon Herreros. O mejor dicho, son de todos.<\/span><\/div>\n<div class=\"\"><span class=\"\">Nuria Vidal<\/span><\/div>\n<div><\/div>\n<div><\/div>\n<div>Fotos cedidas por Nuria Vidal, Pepa Caro y Manolo Guti\u00e9rrez<\/div>\n<div class=\"\"><span class=\"\"><img decoding=\"async\" class=\"aligncenter size-medium wp-image-2698 lazyload\" data-src=\"https:\/\/www.lacasagrande.net\/wp-content\/uploads\/2019\/02\/ramon-herreros_-212x300.jpg\" alt=\"\" width=\"212\" height=\"300\" data-srcset=\"https:\/\/www.lacasagrande.net\/wp-content\/uploads\/2019\/02\/ramon-herreros_-212x300.jpg 212w, https:\/\/www.lacasagrande.net\/wp-content\/uploads\/2019\/02\/ramon-herreros_.jpg 226w\" data-sizes=\"(max-width: 212px) 100vw, 212px\" src=\"data:image\/svg+xml;base64,PHN2ZyB3aWR0aD0iMSIgaGVpZ2h0PSIxIiB4bWxucz0iaHR0cDovL3d3dy53My5vcmcvMjAwMC9zdmciPjwvc3ZnPg==\" style=\"--smush-placeholder-width: 212px; --smush-placeholder-aspect-ratio: 212\/300;\" \/><\/span><span class=\"\"><img decoding=\"async\" class=\"aligncenter size-medium wp-image-2723 lazyload\" data-src=\"https:\/\/www.lacasagrande.net\/wp-content\/uploads\/2019\/02\/02-169x300.jpg\" alt=\"\" width=\"169\" height=\"300\" data-srcset=\"https:\/\/www.lacasagrande.net\/wp-content\/uploads\/2019\/02\/02-169x300.jpg 169w, https:\/\/www.lacasagrande.net\/wp-content\/uploads\/2019\/02\/02-768x1365.jpg 768w, https:\/\/www.lacasagrande.net\/wp-content\/uploads\/2019\/02\/02-576x1024.jpg 576w, https:\/\/www.lacasagrande.net\/wp-content\/uploads\/2019\/02\/02-1600x2844.jpg 1600w, https:\/\/www.lacasagrande.net\/wp-content\/uploads\/2019\/02\/02.jpg 1836w\" data-sizes=\"(max-width: 169px) 100vw, 169px\" src=\"data:image\/svg+xml;base64,PHN2ZyB3aWR0aD0iMSIgaGVpZ2h0PSIxIiB4bWxucz0iaHR0cDovL3d3dy53My5vcmcvMjAwMC9zdmciPjwvc3ZnPg==\" style=\"--smush-placeholder-width: 169px; --smush-placeholder-aspect-ratio: 169\/300;\" \/><\/span><span class=\"\"><img decoding=\"async\" class=\"aligncenter size-medium wp-image-2735 lazyload\" data-src=\"https:\/\/www.lacasagrande.net\/wp-content\/uploads\/2019\/02\/WhatsApp-Image-2019-02-19-at-20.18.18-300x225.jpeg\" alt=\"\" width=\"300\" height=\"225\" data-srcset=\"https:\/\/www.lacasagrande.net\/wp-content\/uploads\/2019\/02\/WhatsApp-Image-2019-02-19-at-20.18.18-300x225.jpeg 300w, https:\/\/www.lacasagrande.net\/wp-content\/uploads\/2019\/02\/WhatsApp-Image-2019-02-19-at-20.18.18-768x576.jpeg 768w, https:\/\/www.lacasagrande.net\/wp-content\/uploads\/2019\/02\/WhatsApp-Image-2019-02-19-at-20.18.18-1024x768.jpeg 1024w, https:\/\/www.lacasagrande.net\/wp-content\/uploads\/2019\/02\/WhatsApp-Image-2019-02-19-at-20.18.18.jpeg 1600w\" data-sizes=\"(max-width: 300px) 100vw, 300px\" src=\"data:image\/svg+xml;base64,PHN2ZyB3aWR0aD0iMSIgaGVpZ2h0PSIxIiB4bWxucz0iaHR0cDovL3d3dy53My5vcmcvMjAwMC9zdmciPjwvc3ZnPg==\" style=\"--smush-placeholder-width: 300px; --smush-placeholder-aspect-ratio: 300\/225;\" \/><\/span><span class=\"\"><img decoding=\"async\" class=\"aligncenter size-medium wp-image-2725 lazyload\" data-src=\"https:\/\/www.lacasagrande.net\/wp-content\/uploads\/2019\/02\/03-300x169.jpg\" alt=\"\" width=\"300\" height=\"169\" data-srcset=\"https:\/\/www.lacasagrande.net\/wp-content\/uploads\/2019\/02\/03-300x169.jpg 300w, https:\/\/www.lacasagrande.net\/wp-content\/uploads\/2019\/02\/03-768x432.jpg 768w, https:\/\/www.lacasagrande.net\/wp-content\/uploads\/2019\/02\/03-1024x576.jpg 1024w, https:\/\/www.lacasagrande.net\/wp-content\/uploads\/2019\/02\/03-1600x900.jpg 1600w\" data-sizes=\"(max-width: 300px) 100vw, 300px\" src=\"data:image\/svg+xml;base64,PHN2ZyB3aWR0aD0iMSIgaGVpZ2h0PSIxIiB4bWxucz0iaHR0cDovL3d3dy53My5vcmcvMjAwMC9zdmciPjwvc3ZnPg==\" style=\"--smush-placeholder-width: 300px; --smush-placeholder-aspect-ratio: 300\/169;\" \/><\/span><span class=\"\"><img decoding=\"async\" class=\"aligncenter size-medium wp-image-2729 lazyload\" data-src=\"https:\/\/www.lacasagrande.net\/wp-content\/uploads\/2019\/02\/06-300x169.jpg\" alt=\"\" width=\"300\" height=\"169\" data-srcset=\"https:\/\/www.lacasagrande.net\/wp-content\/uploads\/2019\/02\/06-300x169.jpg 300w, https:\/\/www.lacasagrande.net\/wp-content\/uploads\/2019\/02\/06-768x432.jpg 768w, https:\/\/www.lacasagrande.net\/wp-content\/uploads\/2019\/02\/06-1024x576.jpg 1024w, https:\/\/www.lacasagrande.net\/wp-content\/uploads\/2019\/02\/06-1600x900.jpg 1600w\" data-sizes=\"(max-width: 300px) 100vw, 300px\" src=\"data:image\/svg+xml;base64,PHN2ZyB3aWR0aD0iMSIgaGVpZ2h0PSIxIiB4bWxucz0iaHR0cDovL3d3dy53My5vcmcvMjAwMC9zdmciPjwvc3ZnPg==\" style=\"--smush-placeholder-width: 300px; --smush-placeholder-aspect-ratio: 300\/169;\" \/><\/span><span class=\"\"><img decoding=\"async\" class=\"aligncenter size-medium wp-image-2727 lazyload\" data-src=\"https:\/\/www.lacasagrande.net\/wp-content\/uploads\/2019\/02\/05-300x169.jpg\" alt=\"\" width=\"300\" height=\"169\" data-srcset=\"https:\/\/www.lacasagrande.net\/wp-content\/uploads\/2019\/02\/05-300x169.jpg 300w, https:\/\/www.lacasagrande.net\/wp-content\/uploads\/2019\/02\/05-768x432.jpg 768w, https:\/\/www.lacasagrande.net\/wp-content\/uploads\/2019\/02\/05-1024x576.jpg 1024w, https:\/\/www.lacasagrande.net\/wp-content\/uploads\/2019\/02\/05-1600x900.jpg 1600w\" data-sizes=\"(max-width: 300px) 100vw, 300px\" src=\"data:image\/svg+xml;base64,PHN2ZyB3aWR0aD0iMSIgaGVpZ2h0PSIxIiB4bWxucz0iaHR0cDovL3d3dy53My5vcmcvMjAwMC9zdmciPjwvc3ZnPg==\" style=\"--smush-placeholder-width: 300px; --smush-placeholder-aspect-ratio: 300\/169;\" \/><\/span><span class=\"\"><img decoding=\"async\" class=\"aligncenter size-medium wp-image-2743 lazyload\" data-src=\"https:\/\/www.lacasagrande.net\/wp-content\/uploads\/2019\/02\/WhatsApp-Image-2019-02-19-at-20.18.03-300x225.jpeg\" alt=\"\" width=\"300\" height=\"225\" data-srcset=\"https:\/\/www.lacasagrande.net\/wp-content\/uploads\/2019\/02\/WhatsApp-Image-2019-02-19-at-20.18.03-300x225.jpeg 300w, https:\/\/www.lacasagrande.net\/wp-content\/uploads\/2019\/02\/WhatsApp-Image-2019-02-19-at-20.18.03-768x576.jpeg 768w, https:\/\/www.lacasagrande.net\/wp-content\/uploads\/2019\/02\/WhatsApp-Image-2019-02-19-at-20.18.03-1024x768.jpeg 1024w, https:\/\/www.lacasagrande.net\/wp-content\/uploads\/2019\/02\/WhatsApp-Image-2019-02-19-at-20.18.03.jpeg 1600w\" data-sizes=\"(max-width: 300px) 100vw, 300px\" src=\"data:image\/svg+xml;base64,PHN2ZyB3aWR0aD0iMSIgaGVpZ2h0PSIxIiB4bWxucz0iaHR0cDovL3d3dy53My5vcmcvMjAwMC9zdmciPjwvc3ZnPg==\" style=\"--smush-placeholder-width: 300px; --smush-placeholder-aspect-ratio: 300\/225;\" \/><\/span><span class=\"\"><img decoding=\"async\" class=\"aligncenter size-medium wp-image-2737 lazyload\" data-src=\"https:\/\/www.lacasagrande.net\/wp-content\/uploads\/2019\/02\/10-169x300.jpg\" alt=\"\" width=\"169\" height=\"300\" data-srcset=\"https:\/\/www.lacasagrande.net\/wp-content\/uploads\/2019\/02\/10-169x300.jpg 169w, https:\/\/www.lacasagrande.net\/wp-content\/uploads\/2019\/02\/10-768x1365.jpg 768w, https:\/\/www.lacasagrande.net\/wp-content\/uploads\/2019\/02\/10-576x1024.jpg 576w, https:\/\/www.lacasagrande.net\/wp-content\/uploads\/2019\/02\/10-1600x2844.jpg 1600w, https:\/\/www.lacasagrande.net\/wp-content\/uploads\/2019\/02\/10.jpg 1836w\" data-sizes=\"(max-width: 169px) 100vw, 169px\" src=\"data:image\/svg+xml;base64,PHN2ZyB3aWR0aD0iMSIgaGVpZ2h0PSIxIiB4bWxucz0iaHR0cDovL3d3dy53My5vcmcvMjAwMC9zdmciPjwvc3ZnPg==\" style=\"--smush-placeholder-width: 169px; --smush-placeholder-aspect-ratio: 169\/300;\" \/><\/span><span class=\"\"><img decoding=\"async\" class=\"aligncenter size-medium wp-image-2731 lazyload\" data-src=\"https:\/\/www.lacasagrande.net\/wp-content\/uploads\/2019\/02\/08-169x300.jpg\" alt=\"\" width=\"169\" height=\"300\" data-srcset=\"https:\/\/www.lacasagrande.net\/wp-content\/uploads\/2019\/02\/08-169x300.jpg 169w, https:\/\/www.lacasagrande.net\/wp-content\/uploads\/2019\/02\/08-768x1365.jpg 768w, https:\/\/www.lacasagrande.net\/wp-content\/uploads\/2019\/02\/08-576x1024.jpg 576w, https:\/\/www.lacasagrande.net\/wp-content\/uploads\/2019\/02\/08-1600x2844.jpg 1600w, https:\/\/www.lacasagrande.net\/wp-content\/uploads\/2019\/02\/08.jpg 1836w\" data-sizes=\"(max-width: 169px) 100vw, 169px\" src=\"data:image\/svg+xml;base64,PHN2ZyB3aWR0aD0iMSIgaGVpZ2h0PSIxIiB4bWxucz0iaHR0cDovL3d3dy53My5vcmcvMjAwMC9zdmciPjwvc3ZnPg==\" style=\"--smush-placeholder-width: 169px; --smush-placeholder-aspect-ratio: 169\/300;\" \/><\/span><\/div>\n","protected":false},"excerpt":{"rendered":"<p>Nuria Vidal, escritora, cr\u00edtica de cine y una muy buena amiga que se ha encargado de la coordinaci\u00f3n del libro Flores en la Frontera, ha escrito esta rese\u00f1a de la presentaci\u00f3n. Flores en (Arcos de) la Frontera El viernes de la semana pasada, 15 de febrero, un d\u00eda despu\u00e9s de San Valent\u00edn, fue un viernes&hellip;<\/p>\n","protected":false},"author":4,"featured_media":2726,"comment_status":"closed","ping_status":"open","sticky":false,"template":"","format":"standard","meta":{"_acf_changed":false,"rs_blank_template":"","rs_page_bg_color":"","slide_template_v7":"","footnotes":""},"categories":[558,559,560,28,561],"tags":[],"post_series":[],"class_list":["post-2740","post","type-post","status-publish","format-standard","has-post-thumbnail","hentry","category-arcos-en","category-arcos-de-la-frontera-en","category-flores-en","category-la-casa-grande-en","category-la-casa-grande-de-arcos-en","entry","has-media"],"acf":[],"yoast_head":"<!-- This site is optimized with the Yoast SEO plugin v27.5 - https:\/\/yoast.com\/product\/yoast-seo-wordpress\/ -->\n<title>Flores en la Frontera - La Casa Grande<\/title>\n<meta name=\"robots\" content=\"index, follow, max-snippet:-1, max-image-preview:large, max-video-preview:-1\" \/>\n<link rel=\"canonical\" href=\"https:\/\/www.lacasagrande.net\/en\/blog\/flores-en-arcos-de-la-frontera\/\" \/>\n<meta property=\"og:locale\" content=\"en_US\" \/>\n<meta property=\"og:type\" content=\"article\" \/>\n<meta property=\"og:title\" content=\"Flores en la Frontera - La Casa Grande\" \/>\n<meta property=\"og:description\" content=\"Nuria Vidal, escritora, cr\u00edtica de cine y una muy buena amiga que se ha encargado de la coordinaci\u00f3n del libro Flores en la Frontera, ha escrito esta rese\u00f1a de la presentaci\u00f3n. Flores en (Arcos de) la Frontera El viernes de la semana pasada, 15 de febrero, un d\u00eda despu\u00e9s de San Valent\u00edn, fue un viernes&hellip;\" \/>\n<meta property=\"og:url\" content=\"https:\/\/www.lacasagrande.net\/en\/blog\/flores-en-arcos-de-la-frontera\/\" \/>\n<meta property=\"og:site_name\" content=\"La Casa Grande\" \/>\n<meta property=\"article:publisher\" content=\"https:\/\/www.facebook.com\/La-Casa-Grande-de-Arcos-158477297524954\" \/>\n<meta property=\"article:published_time\" content=\"2019-02-19T20:31:09+00:00\" \/>\n<meta property=\"article:modified_time\" content=\"2019-02-19T21:27:10+00:00\" \/>\n<meta property=\"og:image\" content=\"https:\/\/www.lacasagrande.net\/wp-content\/uploads\/2019\/02\/03.jpg\" \/>\n\t<meta property=\"og:image:width\" content=\"3264\" \/>\n\t<meta property=\"og:image:height\" content=\"1836\" \/>\n\t<meta property=\"og:image:type\" content=\"image\/jpeg\" \/>\n<meta name=\"author\" content=\"lacasagrande_web\" \/>\n<meta name=\"twitter:card\" content=\"summary_large_image\" \/>\n<meta name=\"twitter:label1\" content=\"Written by\" \/>\n\t<meta name=\"twitter:data1\" content=\"lacasagrande_web\" \/>\n\t<meta name=\"twitter:label2\" content=\"Est. reading time\" \/>\n\t<meta name=\"twitter:data2\" content=\"3 minutes\" \/>\n<script type=\"application\/ld+json\" class=\"yoast-schema-graph\">{\"@context\":\"https:\\\/\\\/schema.org\",\"@graph\":[{\"@type\":\"Article\",\"@id\":\"https:\\\/\\\/www.lacasagrande.net\\\/en\\\/blog\\\/flores-en-arcos-de-la-frontera\\\/#article\",\"isPartOf\":{\"@id\":\"https:\\\/\\\/www.lacasagrande.net\\\/en\\\/blog\\\/flores-en-arcos-de-la-frontera\\\/\"},\"author\":{\"name\":\"lacasagrande_web\",\"@id\":\"https:\\\/\\\/www.lacasagrande.net\\\/#\\\/schema\\\/person\\\/62abbd24199dcb38c9b899dbd8ee04f7\"},\"headline\":\"Flores en la Frontera\",\"datePublished\":\"2019-02-19T20:31:09+00:00\",\"dateModified\":\"2019-02-19T21:27:10+00:00\",\"mainEntityOfPage\":{\"@id\":\"https:\\\/\\\/www.lacasagrande.net\\\/en\\\/blog\\\/flores-en-arcos-de-la-frontera\\\/\"},\"wordCount\":522,\"publisher\":{\"@id\":\"https:\\\/\\\/www.lacasagrande.net\\\/#organization\"},\"image\":{\"@id\":\"https:\\\/\\\/www.lacasagrande.net\\\/en\\\/blog\\\/flores-en-arcos-de-la-frontera\\\/#primaryimage\"},\"thumbnailUrl\":\"https:\\\/\\\/www.lacasagrande.net\\\/wp-content\\\/uploads\\\/2019\\\/02\\\/03.jpg\",\"articleSection\":[\"Arcos\",\"Arcos de la Frontera\",\"Flores\",\"La Casa Grande\",\"La Casa Grande de Arcos\"],\"inLanguage\":\"en-US\"},{\"@type\":\"WebPage\",\"@id\":\"https:\\\/\\\/www.lacasagrande.net\\\/en\\\/blog\\\/flores-en-arcos-de-la-frontera\\\/\",\"url\":\"https:\\\/\\\/www.lacasagrande.net\\\/en\\\/blog\\\/flores-en-arcos-de-la-frontera\\\/\",\"name\":\"Flores en la Frontera - La Casa Grande\",\"isPartOf\":{\"@id\":\"https:\\\/\\\/www.lacasagrande.net\\\/#website\"},\"primaryImageOfPage\":{\"@id\":\"https:\\\/\\\/www.lacasagrande.net\\\/en\\\/blog\\\/flores-en-arcos-de-la-frontera\\\/#primaryimage\"},\"image\":{\"@id\":\"https:\\\/\\\/www.lacasagrande.net\\\/en\\\/blog\\\/flores-en-arcos-de-la-frontera\\\/#primaryimage\"},\"thumbnailUrl\":\"https:\\\/\\\/www.lacasagrande.net\\\/wp-content\\\/uploads\\\/2019\\\/02\\\/03.jpg\",\"datePublished\":\"2019-02-19T20:31:09+00:00\",\"dateModified\":\"2019-02-19T21:27:10+00:00\",\"breadcrumb\":{\"@id\":\"https:\\\/\\\/www.lacasagrande.net\\\/en\\\/blog\\\/flores-en-arcos-de-la-frontera\\\/#breadcrumb\"},\"inLanguage\":\"en-US\",\"potentialAction\":[{\"@type\":\"ReadAction\",\"target\":[\"https:\\\/\\\/www.lacasagrande.net\\\/en\\\/blog\\\/flores-en-arcos-de-la-frontera\\\/\"]}]},{\"@type\":\"ImageObject\",\"inLanguage\":\"en-US\",\"@id\":\"https:\\\/\\\/www.lacasagrande.net\\\/en\\\/blog\\\/flores-en-arcos-de-la-frontera\\\/#primaryimage\",\"url\":\"https:\\\/\\\/www.lacasagrande.net\\\/wp-content\\\/uploads\\\/2019\\\/02\\\/03.jpg\",\"contentUrl\":\"https:\\\/\\\/www.lacasagrande.net\\\/wp-content\\\/uploads\\\/2019\\\/02\\\/03.jpg\",\"width\":3264,\"height\":1836},{\"@type\":\"BreadcrumbList\",\"@id\":\"https:\\\/\\\/www.lacasagrande.net\\\/en\\\/blog\\\/flores-en-arcos-de-la-frontera\\\/#breadcrumb\",\"itemListElement\":[{\"@type\":\"ListItem\",\"position\":1,\"name\":\"Portada\",\"item\":\"https:\\\/\\\/www.lacasagrande.net\\\/en\\\/\"},{\"@type\":\"ListItem\",\"position\":2,\"name\":\"Flores en la Frontera\"}]},{\"@type\":\"WebSite\",\"@id\":\"https:\\\/\\\/www.lacasagrande.net\\\/#website\",\"url\":\"https:\\\/\\\/www.lacasagrande.net\\\/\",\"name\":\"La Casa Grande\",\"description\":\"Arcos de la Frontera. Hotel Boutique\",\"publisher\":{\"@id\":\"https:\\\/\\\/www.lacasagrande.net\\\/#organization\"},\"alternateName\":\"Hotel La Casa Grande\",\"potentialAction\":[{\"@type\":\"SearchAction\",\"target\":{\"@type\":\"EntryPoint\",\"urlTemplate\":\"https:\\\/\\\/www.lacasagrande.net\\\/?s={search_term_string}\"},\"query-input\":{\"@type\":\"PropertyValueSpecification\",\"valueRequired\":true,\"valueName\":\"search_term_string\"}}],\"inLanguage\":\"en-US\"},{\"@type\":\"Organization\",\"@id\":\"https:\\\/\\\/www.lacasagrande.net\\\/#organization\",\"name\":\"Hotel La Casa Grande. Cadiz. Arcos de la Frontera\",\"alternateName\":\"Hotel La Casa Grande\",\"url\":\"https:\\\/\\\/www.lacasagrande.net\\\/\",\"logo\":{\"@type\":\"ImageObject\",\"inLanguage\":\"en-US\",\"@id\":\"https:\\\/\\\/www.lacasagrande.net\\\/#\\\/schema\\\/logo\\\/image\\\/\",\"url\":\"https:\\\/\\\/www.lacasagrande.net\\\/wp-content\\\/uploads\\\/2017\\\/03\\\/lacasagrande.svg\",\"contentUrl\":\"https:\\\/\\\/www.lacasagrande.net\\\/wp-content\\\/uploads\\\/2017\\\/03\\\/lacasagrande.svg\",\"width\":1,\"height\":1,\"caption\":\"Hotel La Casa Grande. Cadiz. Arcos de la Frontera\"},\"image\":{\"@id\":\"https:\\\/\\\/www.lacasagrande.net\\\/#\\\/schema\\\/logo\\\/image\\\/\"},\"sameAs\":[\"https:\\\/\\\/www.facebook.com\\\/La-Casa-Grande-de-Arcos-158477297524954\"]},{\"@type\":\"Person\",\"@id\":\"https:\\\/\\\/www.lacasagrande.net\\\/#\\\/schema\\\/person\\\/62abbd24199dcb38c9b899dbd8ee04f7\",\"name\":\"lacasagrande_web\",\"image\":{\"@type\":\"ImageObject\",\"inLanguage\":\"en-US\",\"@id\":\"https:\\\/\\\/secure.gravatar.com\\\/avatar\\\/a9372dfc5c714e1716b565719cf69b47f8dc4507f760f6b87ccc0e362d9b9a2a?s=96&d=mm&r=g\",\"url\":\"https:\\\/\\\/secure.gravatar.com\\\/avatar\\\/a9372dfc5c714e1716b565719cf69b47f8dc4507f760f6b87ccc0e362d9b9a2a?s=96&d=mm&r=g\",\"contentUrl\":\"https:\\\/\\\/secure.gravatar.com\\\/avatar\\\/a9372dfc5c714e1716b565719cf69b47f8dc4507f760f6b87ccc0e362d9b9a2a?s=96&d=mm&r=g\",\"caption\":\"lacasagrande_web\"}}]}<\/script>\n<!-- \/ Yoast SEO plugin. -->","yoast_head_json":{"title":"Flores en la Frontera - La Casa Grande","robots":{"index":"index","follow":"follow","max-snippet":"max-snippet:-1","max-image-preview":"max-image-preview:large","max-video-preview":"max-video-preview:-1"},"canonical":"https:\/\/www.lacasagrande.net\/en\/blog\/flores-en-arcos-de-la-frontera\/","og_locale":"en_US","og_type":"article","og_title":"Flores en la Frontera - La Casa Grande","og_description":"Nuria Vidal, escritora, cr\u00edtica de cine y una muy buena amiga que se ha encargado de la coordinaci\u00f3n del libro Flores en la Frontera, ha escrito esta rese\u00f1a de la presentaci\u00f3n. Flores en (Arcos de) la Frontera El viernes de la semana pasada, 15 de febrero, un d\u00eda despu\u00e9s de San Valent\u00edn, fue un viernes&hellip;","og_url":"https:\/\/www.lacasagrande.net\/en\/blog\/flores-en-arcos-de-la-frontera\/","og_site_name":"La Casa Grande","article_publisher":"https:\/\/www.facebook.com\/La-Casa-Grande-de-Arcos-158477297524954","article_published_time":"2019-02-19T20:31:09+00:00","article_modified_time":"2019-02-19T21:27:10+00:00","og_image":[{"width":3264,"height":1836,"url":"https:\/\/www.lacasagrande.net\/wp-content\/uploads\/2019\/02\/03.jpg","type":"image\/jpeg"}],"author":"lacasagrande_web","twitter_card":"summary_large_image","twitter_misc":{"Written by":"lacasagrande_web","Est. reading time":"3 minutes"},"schema":{"@context":"https:\/\/schema.org","@graph":[{"@type":"Article","@id":"https:\/\/www.lacasagrande.net\/en\/blog\/flores-en-arcos-de-la-frontera\/#article","isPartOf":{"@id":"https:\/\/www.lacasagrande.net\/en\/blog\/flores-en-arcos-de-la-frontera\/"},"author":{"name":"lacasagrande_web","@id":"https:\/\/www.lacasagrande.net\/#\/schema\/person\/62abbd24199dcb38c9b899dbd8ee04f7"},"headline":"Flores en la Frontera","datePublished":"2019-02-19T20:31:09+00:00","dateModified":"2019-02-19T21:27:10+00:00","mainEntityOfPage":{"@id":"https:\/\/www.lacasagrande.net\/en\/blog\/flores-en-arcos-de-la-frontera\/"},"wordCount":522,"publisher":{"@id":"https:\/\/www.lacasagrande.net\/#organization"},"image":{"@id":"https:\/\/www.lacasagrande.net\/en\/blog\/flores-en-arcos-de-la-frontera\/#primaryimage"},"thumbnailUrl":"https:\/\/www.lacasagrande.net\/wp-content\/uploads\/2019\/02\/03.jpg","articleSection":["Arcos","Arcos de la Frontera","Flores","La Casa Grande","La Casa Grande de Arcos"],"inLanguage":"en-US"},{"@type":"WebPage","@id":"https:\/\/www.lacasagrande.net\/en\/blog\/flores-en-arcos-de-la-frontera\/","url":"https:\/\/www.lacasagrande.net\/en\/blog\/flores-en-arcos-de-la-frontera\/","name":"Flores en la Frontera - La Casa Grande","isPartOf":{"@id":"https:\/\/www.lacasagrande.net\/#website"},"primaryImageOfPage":{"@id":"https:\/\/www.lacasagrande.net\/en\/blog\/flores-en-arcos-de-la-frontera\/#primaryimage"},"image":{"@id":"https:\/\/www.lacasagrande.net\/en\/blog\/flores-en-arcos-de-la-frontera\/#primaryimage"},"thumbnailUrl":"https:\/\/www.lacasagrande.net\/wp-content\/uploads\/2019\/02\/03.jpg","datePublished":"2019-02-19T20:31:09+00:00","dateModified":"2019-02-19T21:27:10+00:00","breadcrumb":{"@id":"https:\/\/www.lacasagrande.net\/en\/blog\/flores-en-arcos-de-la-frontera\/#breadcrumb"},"inLanguage":"en-US","potentialAction":[{"@type":"ReadAction","target":["https:\/\/www.lacasagrande.net\/en\/blog\/flores-en-arcos-de-la-frontera\/"]}]},{"@type":"ImageObject","inLanguage":"en-US","@id":"https:\/\/www.lacasagrande.net\/en\/blog\/flores-en-arcos-de-la-frontera\/#primaryimage","url":"https:\/\/www.lacasagrande.net\/wp-content\/uploads\/2019\/02\/03.jpg","contentUrl":"https:\/\/www.lacasagrande.net\/wp-content\/uploads\/2019\/02\/03.jpg","width":3264,"height":1836},{"@type":"BreadcrumbList","@id":"https:\/\/www.lacasagrande.net\/en\/blog\/flores-en-arcos-de-la-frontera\/#breadcrumb","itemListElement":[{"@type":"ListItem","position":1,"name":"Portada","item":"https:\/\/www.lacasagrande.net\/en\/"},{"@type":"ListItem","position":2,"name":"Flores en la Frontera"}]},{"@type":"WebSite","@id":"https:\/\/www.lacasagrande.net\/#website","url":"https:\/\/www.lacasagrande.net\/","name":"La Casa Grande","description":"Arcos de la Frontera. Hotel Boutique","publisher":{"@id":"https:\/\/www.lacasagrande.net\/#organization"},"alternateName":"Hotel La Casa Grande","potentialAction":[{"@type":"SearchAction","target":{"@type":"EntryPoint","urlTemplate":"https:\/\/www.lacasagrande.net\/?s={search_term_string}"},"query-input":{"@type":"PropertyValueSpecification","valueRequired":true,"valueName":"search_term_string"}}],"inLanguage":"en-US"},{"@type":"Organization","@id":"https:\/\/www.lacasagrande.net\/#organization","name":"Hotel La Casa Grande. Cadiz. Arcos de la Frontera","alternateName":"Hotel La Casa Grande","url":"https:\/\/www.lacasagrande.net\/","logo":{"@type":"ImageObject","inLanguage":"en-US","@id":"https:\/\/www.lacasagrande.net\/#\/schema\/logo\/image\/","url":"https:\/\/www.lacasagrande.net\/wp-content\/uploads\/2017\/03\/lacasagrande.svg","contentUrl":"https:\/\/www.lacasagrande.net\/wp-content\/uploads\/2017\/03\/lacasagrande.svg","width":1,"height":1,"caption":"Hotel La Casa Grande. Cadiz. Arcos de la Frontera"},"image":{"@id":"https:\/\/www.lacasagrande.net\/#\/schema\/logo\/image\/"},"sameAs":["https:\/\/www.facebook.com\/La-Casa-Grande-de-Arcos-158477297524954"]},{"@type":"Person","@id":"https:\/\/www.lacasagrande.net\/#\/schema\/person\/62abbd24199dcb38c9b899dbd8ee04f7","name":"lacasagrande_web","image":{"@type":"ImageObject","inLanguage":"en-US","@id":"https:\/\/secure.gravatar.com\/avatar\/a9372dfc5c714e1716b565719cf69b47f8dc4507f760f6b87ccc0e362d9b9a2a?s=96&d=mm&r=g","url":"https:\/\/secure.gravatar.com\/avatar\/a9372dfc5c714e1716b565719cf69b47f8dc4507f760f6b87ccc0e362d9b9a2a?s=96&d=mm&r=g","contentUrl":"https:\/\/secure.gravatar.com\/avatar\/a9372dfc5c714e1716b565719cf69b47f8dc4507f760f6b87ccc0e362d9b9a2a?s=96&d=mm&r=g","caption":"lacasagrande_web"}}]}},"_links":{"self":[{"href":"https:\/\/www.lacasagrande.net\/en\/wp-json\/wp\/v2\/posts\/2740","targetHints":{"allow":["GET"]}}],"collection":[{"href":"https:\/\/www.lacasagrande.net\/en\/wp-json\/wp\/v2\/posts"}],"about":[{"href":"https:\/\/www.lacasagrande.net\/en\/wp-json\/wp\/v2\/types\/post"}],"author":[{"embeddable":true,"href":"https:\/\/www.lacasagrande.net\/en\/wp-json\/wp\/v2\/users\/4"}],"replies":[{"embeddable":true,"href":"https:\/\/www.lacasagrande.net\/en\/wp-json\/wp\/v2\/comments?post=2740"}],"version-history":[{"count":0,"href":"https:\/\/www.lacasagrande.net\/en\/wp-json\/wp\/v2\/posts\/2740\/revisions"}],"wp:featuredmedia":[{"embeddable":true,"href":"https:\/\/www.lacasagrande.net\/en\/wp-json\/wp\/v2\/media\/2726"}],"wp:attachment":[{"href":"https:\/\/www.lacasagrande.net\/en\/wp-json\/wp\/v2\/media?parent=2740"}],"wp:term":[{"taxonomy":"category","embeddable":true,"href":"https:\/\/www.lacasagrande.net\/en\/wp-json\/wp\/v2\/categories?post=2740"},{"taxonomy":"post_tag","embeddable":true,"href":"https:\/\/www.lacasagrande.net\/en\/wp-json\/wp\/v2\/tags?post=2740"},{"taxonomy":"post_series","embeddable":true,"href":"https:\/\/www.lacasagrande.net\/en\/wp-json\/wp\/v2\/post_series?post=2740"}],"curies":[{"name":"wp","href":"https:\/\/api.w.org\/{rel}","templated":true}]}}