{"id":911,"date":"2015-12-21T23:00:14","date_gmt":"2015-12-21T22:00:14","guid":{"rendered":"http:\/\/www.lacasagrande.net\/blog\/otro-cuento-de-invierno\/"},"modified":"2023-03-21T10:23:35","modified_gmt":"2023-03-21T09:23:35","slug":"otro-cuento-de-invierno","status":"publish","type":"post","link":"https:\/\/www.lacasagrande.net\/en\/blog\/otro-cuento-de-invierno\/","title":{"rendered":"Otro cuento de invierno"},"content":{"rendered":"<div dir=\"ltr\" style=\"text-align: left;\">\n<div>\u00a0Hoy, 21 de diciembre, se ha realizado el solsticio de invierno y ha culminado un hermosos proyecto que hemos llevado a cabo con el pintor Ram\u00f3n Herreros. Le encargu\u00e9 una imagen que ilustrara cada estaci\u00f3n del a\u00f1o: primavera, verano, oto\u00f1o e invierno, y algo tan antiguo como glosar las estaciones ha dado lugar a una experiencia apasionante.<\/div>\n<div>Las acuarelas originales se convirtieron en tarjetas con las que obsequiamos a nuestros hu\u00e9spedes del hotel La Casa Grande.<\/div>\n<div><\/div>\n<div>Esta \u00e9s la acuarela de invierno y el texto que redact\u00e9 para ella. La traducci\u00f3n al ingl\u00e9s es de Jenny Rees.<\/div>\n<p>Otro cuento de invierno<\/p>\n<p>Erase una vez, en el reino de los dioses antiguos, cuando los hombres gestaban una explicaci\u00f3n del mundo\u2026.<\/p>\n<p>La vasija de Dem\u00e9ter, la madre, diosa de la tierra y de la fecundidad,<br \/>\nLa granada de Pers\u00e9fone, la hija, cuyos granos comi\u00f3 inocente.<br \/>\nMadres e hijas.<\/p>\n<p>Y aconteci\u00f3 el drama: Hades sali\u00f3 de las profundidades y rapt\u00f3 a Pers\u00e9fone.<br \/>\nSu madre la buscaba desconsolada.<br \/>\nAl saber que estaba secuestrada en el submundo, airada, dej\u00f3 secar las cosechas.<br \/>\nTierra desolada, pesar y oscuridad.<\/p>\n<p>Zeus orden\u00f3 que la hija fuera devuelta a su madre para que regresara la fertilidad,<br \/>\npero Hades le dio a comer unos granos de granada,<br \/>\nas\u00ed Pers\u00e9fone tendr\u00eda que regresar al mundo de las sombras unos meses al a\u00f1o.<br \/>\nHab\u00eda nacido la estaci\u00f3n fr\u00eda y bald\u00eda.<\/p>\n<p>Un cuento de invierno,<br \/>\nun drama para explicar un misterio.<br \/>\nCiclo infinito de muerte y resurrecci\u00f3n,<br \/>\ngirando de la oscuridad hacia la luz,<br \/>\npalpitar incesante de la vida.<\/p>\n<div class=\"separator\" style=\"clear: both;\"><a style=\"margin-left: 1em; margin-right: 1em;\" href=\"http:\/\/1.bp.blogspot.com\/-Trt00CtBFXU\/VnglzxC72kI\/AAAAAAAADlM\/adNOQagfOvU\/s1600\/IMG_6786.jpg\"><img decoding=\"async\" data-src=\"https:\/\/www.lacasagrande.net\/wp-content\/uploads\/2023\/03\/IMG_6786.jpg\" width=\"400\" height=\"273\" border=\"0\" src=\"data:image\/svg+xml;base64,PHN2ZyB3aWR0aD0iMSIgaGVpZ2h0PSIxIiB4bWxucz0iaHR0cDovL3d3dy53My5vcmcvMjAwMC9zdmciPjwvc3ZnPg==\" class=\"lazyload\" style=\"--smush-placeholder-width: 400px; --smush-placeholder-aspect-ratio: 400\/273;\" \/><\/a><\/div>\n<p>Another Winter&#8217;s Tale<\/p>\n<p>Once upon a time, in the kingdom of ancient gods, when men were developing explanations about the world\u2026<\/p>\n<p>Demeter&#8217;s vessel, the mother, goddess of earth and fertility,<br \/>\nPersephone, her daughter, innocently eating the pomegranate seeds.<br \/>\nMothers and daughters.<\/p>\n<p>Then there was drama: Hades left the depths and abducted Persephone.<br \/>\nHer mother searched for her inconsolable.<br \/>\nDistraught on learning that her daughter was kidnapped in the underworld, she let the harvest wither,<br \/>\nDevastating the land, causing regret and darkness.<\/p>\n<p>Zeus ordered the return of the daughter to her mother to restore fertility<br \/>\nBut Hades gave her the pomegranate seeds to eat,<br \/>\nso that Persephone would return to the world of shadows a few months every year.<br \/>\nThe cold and fallow season was born.<\/p>\n<p>A Winter&#8217;s Tale,<br \/>\nA drama to explain a mystery.<br \/>\nEndless cycle of death and resurrection,<br \/>\nSwirling from darkness to light,<br \/>\nIncessant beating of life.<\/p>\n<\/div>\n","protected":false},"excerpt":{"rendered":"<p>\u00a0Hoy, 21 de diciembre, se ha realizado el solsticio de invierno y ha culminado un hermosos proyecto que hemos llevado a cabo con el pintor Ram\u00f3n Herreros. Le encargu\u00e9 una imagen que ilustrara cada estaci\u00f3n del a\u00f1o: primavera, verano, oto\u00f1o e invierno, y algo tan antiguo como glosar las estaciones ha dado lugar a una&hellip;<\/p>\n","protected":false},"author":1,"featured_media":852,"comment_status":"closed","ping_status":"open","sticky":false,"template":"","format":"standard","meta":{"_acf_changed":false,"rs_blank_template":"","rs_page_bg_color":"","slide_template_v7":"","footnotes":""},"categories":[19],"tags":[566],"post_series":[],"class_list":["post-911","post","type-post","status-publish","format-standard","has-post-thumbnail","hentry","category-uncategorized","tag-general-en","entry","has-media"],"acf":[],"yoast_head":"<!-- This site is optimized with the Yoast SEO plugin v27.5 - https:\/\/yoast.com\/product\/yoast-seo-wordpress\/ -->\n<title>Otro cuento de invierno - La Casa Grande<\/title>\n<meta name=\"robots\" content=\"index, follow, max-snippet:-1, max-image-preview:large, max-video-preview:-1\" \/>\n<link rel=\"canonical\" href=\"https:\/\/www.lacasagrande.net\/en\/blog\/otro-cuento-de-invierno\/\" \/>\n<meta property=\"og:locale\" content=\"en_US\" \/>\n<meta property=\"og:type\" content=\"article\" \/>\n<meta property=\"og:title\" content=\"Otro cuento de invierno - La Casa Grande\" \/>\n<meta property=\"og:description\" content=\"\u00a0Hoy, 21 de diciembre, se ha realizado el solsticio de invierno y ha culminado un hermosos proyecto que hemos llevado a cabo con el pintor Ram\u00f3n Herreros. Le encargu\u00e9 una imagen que ilustrara cada estaci\u00f3n del a\u00f1o: primavera, verano, oto\u00f1o e invierno, y algo tan antiguo como glosar las estaciones ha dado lugar a una&hellip;\" \/>\n<meta property=\"og:url\" content=\"https:\/\/www.lacasagrande.net\/en\/blog\/otro-cuento-de-invierno\/\" \/>\n<meta property=\"og:site_name\" content=\"La Casa Grande\" \/>\n<meta property=\"article:publisher\" content=\"https:\/\/www.facebook.com\/La-Casa-Grande-de-Arcos-158477297524954\" \/>\n<meta property=\"article:published_time\" content=\"2015-12-21T22:00:14+00:00\" \/>\n<meta property=\"article:modified_time\" content=\"2023-03-21T09:23:35+00:00\" \/>\n<meta property=\"og:image\" content=\"https:\/\/www.lacasagrande.net\/wp-content\/uploads\/2016\/11\/cuento-invierno.jpeg\" \/>\n\t<meta property=\"og:image:width\" content=\"456\" \/>\n\t<meta property=\"og:image:height\" content=\"937\" \/>\n\t<meta property=\"og:image:type\" content=\"image\/jpeg\" \/>\n<meta name=\"author\" content=\"lacasagrande\" \/>\n<meta name=\"twitter:card\" content=\"summary_large_image\" \/>\n<meta name=\"twitter:label1\" content=\"Written by\" \/>\n\t<meta name=\"twitter:data1\" content=\"lacasagrande\" \/>\n\t<meta name=\"twitter:label2\" content=\"Est. reading time\" \/>\n\t<meta name=\"twitter:data2\" content=\"2 minutes\" \/>\n<script type=\"application\/ld+json\" class=\"yoast-schema-graph\">{\"@context\":\"https:\\\/\\\/schema.org\",\"@graph\":[{\"@type\":\"Article\",\"@id\":\"https:\\\/\\\/www.lacasagrande.net\\\/en\\\/blog\\\/otro-cuento-de-invierno\\\/#article\",\"isPartOf\":{\"@id\":\"https:\\\/\\\/www.lacasagrande.net\\\/en\\\/blog\\\/otro-cuento-de-invierno\\\/\"},\"author\":{\"name\":\"lacasagrande\",\"@id\":\"https:\\\/\\\/www.lacasagrande.net\\\/#\\\/schema\\\/person\\\/a4cd3984e86544ae183a068817584965\"},\"headline\":\"Otro cuento de invierno\",\"datePublished\":\"2015-12-21T22:00:14+00:00\",\"dateModified\":\"2023-03-21T09:23:35+00:00\",\"mainEntityOfPage\":{\"@id\":\"https:\\\/\\\/www.lacasagrande.net\\\/en\\\/blog\\\/otro-cuento-de-invierno\\\/\"},\"wordCount\":430,\"publisher\":{\"@id\":\"https:\\\/\\\/www.lacasagrande.net\\\/#organization\"},\"image\":{\"@id\":\"https:\\\/\\\/www.lacasagrande.net\\\/en\\\/blog\\\/otro-cuento-de-invierno\\\/#primaryimage\"},\"thumbnailUrl\":\"https:\\\/\\\/www.lacasagrande.net\\\/wp-content\\\/uploads\\\/2016\\\/11\\\/cuento-invierno.jpeg\",\"keywords\":[\"General\"],\"inLanguage\":\"en-US\"},{\"@type\":\"WebPage\",\"@id\":\"https:\\\/\\\/www.lacasagrande.net\\\/en\\\/blog\\\/otro-cuento-de-invierno\\\/\",\"url\":\"https:\\\/\\\/www.lacasagrande.net\\\/en\\\/blog\\\/otro-cuento-de-invierno\\\/\",\"name\":\"Otro cuento de invierno - La Casa Grande\",\"isPartOf\":{\"@id\":\"https:\\\/\\\/www.lacasagrande.net\\\/#website\"},\"primaryImageOfPage\":{\"@id\":\"https:\\\/\\\/www.lacasagrande.net\\\/en\\\/blog\\\/otro-cuento-de-invierno\\\/#primaryimage\"},\"image\":{\"@id\":\"https:\\\/\\\/www.lacasagrande.net\\\/en\\\/blog\\\/otro-cuento-de-invierno\\\/#primaryimage\"},\"thumbnailUrl\":\"https:\\\/\\\/www.lacasagrande.net\\\/wp-content\\\/uploads\\\/2016\\\/11\\\/cuento-invierno.jpeg\",\"datePublished\":\"2015-12-21T22:00:14+00:00\",\"dateModified\":\"2023-03-21T09:23:35+00:00\",\"breadcrumb\":{\"@id\":\"https:\\\/\\\/www.lacasagrande.net\\\/en\\\/blog\\\/otro-cuento-de-invierno\\\/#breadcrumb\"},\"inLanguage\":\"en-US\",\"potentialAction\":[{\"@type\":\"ReadAction\",\"target\":[\"https:\\\/\\\/www.lacasagrande.net\\\/en\\\/blog\\\/otro-cuento-de-invierno\\\/\"]}]},{\"@type\":\"ImageObject\",\"inLanguage\":\"en-US\",\"@id\":\"https:\\\/\\\/www.lacasagrande.net\\\/en\\\/blog\\\/otro-cuento-de-invierno\\\/#primaryimage\",\"url\":\"https:\\\/\\\/www.lacasagrande.net\\\/wp-content\\\/uploads\\\/2016\\\/11\\\/cuento-invierno.jpeg\",\"contentUrl\":\"https:\\\/\\\/www.lacasagrande.net\\\/wp-content\\\/uploads\\\/2016\\\/11\\\/cuento-invierno.jpeg\",\"width\":456,\"height\":937},{\"@type\":\"BreadcrumbList\",\"@id\":\"https:\\\/\\\/www.lacasagrande.net\\\/en\\\/blog\\\/otro-cuento-de-invierno\\\/#breadcrumb\",\"itemListElement\":[{\"@type\":\"ListItem\",\"position\":1,\"name\":\"Portada\",\"item\":\"https:\\\/\\\/www.lacasagrande.net\\\/en\\\/\"},{\"@type\":\"ListItem\",\"position\":2,\"name\":\"Otro cuento de invierno\"}]},{\"@type\":\"WebSite\",\"@id\":\"https:\\\/\\\/www.lacasagrande.net\\\/#website\",\"url\":\"https:\\\/\\\/www.lacasagrande.net\\\/\",\"name\":\"La Casa Grande\",\"description\":\"Arcos de la Frontera. Hotel Boutique\",\"publisher\":{\"@id\":\"https:\\\/\\\/www.lacasagrande.net\\\/#organization\"},\"alternateName\":\"Hotel La Casa Grande\",\"potentialAction\":[{\"@type\":\"SearchAction\",\"target\":{\"@type\":\"EntryPoint\",\"urlTemplate\":\"https:\\\/\\\/www.lacasagrande.net\\\/?s={search_term_string}\"},\"query-input\":{\"@type\":\"PropertyValueSpecification\",\"valueRequired\":true,\"valueName\":\"search_term_string\"}}],\"inLanguage\":\"en-US\"},{\"@type\":\"Organization\",\"@id\":\"https:\\\/\\\/www.lacasagrande.net\\\/#organization\",\"name\":\"Hotel La Casa Grande. Cadiz. Arcos de la Frontera\",\"alternateName\":\"Hotel La Casa Grande\",\"url\":\"https:\\\/\\\/www.lacasagrande.net\\\/\",\"logo\":{\"@type\":\"ImageObject\",\"inLanguage\":\"en-US\",\"@id\":\"https:\\\/\\\/www.lacasagrande.net\\\/#\\\/schema\\\/logo\\\/image\\\/\",\"url\":\"https:\\\/\\\/www.lacasagrande.net\\\/wp-content\\\/uploads\\\/2017\\\/03\\\/lacasagrande.svg\",\"contentUrl\":\"https:\\\/\\\/www.lacasagrande.net\\\/wp-content\\\/uploads\\\/2017\\\/03\\\/lacasagrande.svg\",\"width\":1,\"height\":1,\"caption\":\"Hotel La Casa Grande. Cadiz. Arcos de la Frontera\"},\"image\":{\"@id\":\"https:\\\/\\\/www.lacasagrande.net\\\/#\\\/schema\\\/logo\\\/image\\\/\"},\"sameAs\":[\"https:\\\/\\\/www.facebook.com\\\/La-Casa-Grande-de-Arcos-158477297524954\"]},{\"@type\":\"Person\",\"@id\":\"https:\\\/\\\/www.lacasagrande.net\\\/#\\\/schema\\\/person\\\/a4cd3984e86544ae183a068817584965\",\"name\":\"lacasagrande\",\"image\":{\"@type\":\"ImageObject\",\"inLanguage\":\"en-US\",\"@id\":\"https:\\\/\\\/secure.gravatar.com\\\/avatar\\\/41cf099fc19fcd9e0edaa3c335c60c6eb87ee9ec89fa5c0e24a030cb4da1fdea?s=96&d=mm&r=g\",\"url\":\"https:\\\/\\\/secure.gravatar.com\\\/avatar\\\/41cf099fc19fcd9e0edaa3c335c60c6eb87ee9ec89fa5c0e24a030cb4da1fdea?s=96&d=mm&r=g\",\"contentUrl\":\"https:\\\/\\\/secure.gravatar.com\\\/avatar\\\/41cf099fc19fcd9e0edaa3c335c60c6eb87ee9ec89fa5c0e24a030cb4da1fdea?s=96&d=mm&r=g\",\"caption\":\"lacasagrande\"}}]}<\/script>\n<!-- \/ Yoast SEO plugin. -->","yoast_head_json":{"title":"Otro cuento de invierno - La Casa Grande","robots":{"index":"index","follow":"follow","max-snippet":"max-snippet:-1","max-image-preview":"max-image-preview:large","max-video-preview":"max-video-preview:-1"},"canonical":"https:\/\/www.lacasagrande.net\/en\/blog\/otro-cuento-de-invierno\/","og_locale":"en_US","og_type":"article","og_title":"Otro cuento de invierno - La Casa Grande","og_description":"\u00a0Hoy, 21 de diciembre, se ha realizado el solsticio de invierno y ha culminado un hermosos proyecto que hemos llevado a cabo con el pintor Ram\u00f3n Herreros. Le encargu\u00e9 una imagen que ilustrara cada estaci\u00f3n del a\u00f1o: primavera, verano, oto\u00f1o e invierno, y algo tan antiguo como glosar las estaciones ha dado lugar a una&hellip;","og_url":"https:\/\/www.lacasagrande.net\/en\/blog\/otro-cuento-de-invierno\/","og_site_name":"La Casa Grande","article_publisher":"https:\/\/www.facebook.com\/La-Casa-Grande-de-Arcos-158477297524954","article_published_time":"2015-12-21T22:00:14+00:00","article_modified_time":"2023-03-21T09:23:35+00:00","og_image":[{"width":456,"height":937,"url":"https:\/\/www.lacasagrande.net\/wp-content\/uploads\/2016\/11\/cuento-invierno.jpeg","type":"image\/jpeg"}],"author":"lacasagrande","twitter_card":"summary_large_image","twitter_misc":{"Written by":"lacasagrande","Est. reading time":"2 minutes"},"schema":{"@context":"https:\/\/schema.org","@graph":[{"@type":"Article","@id":"https:\/\/www.lacasagrande.net\/en\/blog\/otro-cuento-de-invierno\/#article","isPartOf":{"@id":"https:\/\/www.lacasagrande.net\/en\/blog\/otro-cuento-de-invierno\/"},"author":{"name":"lacasagrande","@id":"https:\/\/www.lacasagrande.net\/#\/schema\/person\/a4cd3984e86544ae183a068817584965"},"headline":"Otro cuento de invierno","datePublished":"2015-12-21T22:00:14+00:00","dateModified":"2023-03-21T09:23:35+00:00","mainEntityOfPage":{"@id":"https:\/\/www.lacasagrande.net\/en\/blog\/otro-cuento-de-invierno\/"},"wordCount":430,"publisher":{"@id":"https:\/\/www.lacasagrande.net\/#organization"},"image":{"@id":"https:\/\/www.lacasagrande.net\/en\/blog\/otro-cuento-de-invierno\/#primaryimage"},"thumbnailUrl":"https:\/\/www.lacasagrande.net\/wp-content\/uploads\/2016\/11\/cuento-invierno.jpeg","keywords":["General"],"inLanguage":"en-US"},{"@type":"WebPage","@id":"https:\/\/www.lacasagrande.net\/en\/blog\/otro-cuento-de-invierno\/","url":"https:\/\/www.lacasagrande.net\/en\/blog\/otro-cuento-de-invierno\/","name":"Otro cuento de invierno - La Casa Grande","isPartOf":{"@id":"https:\/\/www.lacasagrande.net\/#website"},"primaryImageOfPage":{"@id":"https:\/\/www.lacasagrande.net\/en\/blog\/otro-cuento-de-invierno\/#primaryimage"},"image":{"@id":"https:\/\/www.lacasagrande.net\/en\/blog\/otro-cuento-de-invierno\/#primaryimage"},"thumbnailUrl":"https:\/\/www.lacasagrande.net\/wp-content\/uploads\/2016\/11\/cuento-invierno.jpeg","datePublished":"2015-12-21T22:00:14+00:00","dateModified":"2023-03-21T09:23:35+00:00","breadcrumb":{"@id":"https:\/\/www.lacasagrande.net\/en\/blog\/otro-cuento-de-invierno\/#breadcrumb"},"inLanguage":"en-US","potentialAction":[{"@type":"ReadAction","target":["https:\/\/www.lacasagrande.net\/en\/blog\/otro-cuento-de-invierno\/"]}]},{"@type":"ImageObject","inLanguage":"en-US","@id":"https:\/\/www.lacasagrande.net\/en\/blog\/otro-cuento-de-invierno\/#primaryimage","url":"https:\/\/www.lacasagrande.net\/wp-content\/uploads\/2016\/11\/cuento-invierno.jpeg","contentUrl":"https:\/\/www.lacasagrande.net\/wp-content\/uploads\/2016\/11\/cuento-invierno.jpeg","width":456,"height":937},{"@type":"BreadcrumbList","@id":"https:\/\/www.lacasagrande.net\/en\/blog\/otro-cuento-de-invierno\/#breadcrumb","itemListElement":[{"@type":"ListItem","position":1,"name":"Portada","item":"https:\/\/www.lacasagrande.net\/en\/"},{"@type":"ListItem","position":2,"name":"Otro cuento de invierno"}]},{"@type":"WebSite","@id":"https:\/\/www.lacasagrande.net\/#website","url":"https:\/\/www.lacasagrande.net\/","name":"La Casa Grande","description":"Arcos de la Frontera. Hotel Boutique","publisher":{"@id":"https:\/\/www.lacasagrande.net\/#organization"},"alternateName":"Hotel La Casa Grande","potentialAction":[{"@type":"SearchAction","target":{"@type":"EntryPoint","urlTemplate":"https:\/\/www.lacasagrande.net\/?s={search_term_string}"},"query-input":{"@type":"PropertyValueSpecification","valueRequired":true,"valueName":"search_term_string"}}],"inLanguage":"en-US"},{"@type":"Organization","@id":"https:\/\/www.lacasagrande.net\/#organization","name":"Hotel La Casa Grande. Cadiz. Arcos de la Frontera","alternateName":"Hotel La Casa Grande","url":"https:\/\/www.lacasagrande.net\/","logo":{"@type":"ImageObject","inLanguage":"en-US","@id":"https:\/\/www.lacasagrande.net\/#\/schema\/logo\/image\/","url":"https:\/\/www.lacasagrande.net\/wp-content\/uploads\/2017\/03\/lacasagrande.svg","contentUrl":"https:\/\/www.lacasagrande.net\/wp-content\/uploads\/2017\/03\/lacasagrande.svg","width":1,"height":1,"caption":"Hotel La Casa Grande. Cadiz. Arcos de la Frontera"},"image":{"@id":"https:\/\/www.lacasagrande.net\/#\/schema\/logo\/image\/"},"sameAs":["https:\/\/www.facebook.com\/La-Casa-Grande-de-Arcos-158477297524954"]},{"@type":"Person","@id":"https:\/\/www.lacasagrande.net\/#\/schema\/person\/a4cd3984e86544ae183a068817584965","name":"lacasagrande","image":{"@type":"ImageObject","inLanguage":"en-US","@id":"https:\/\/secure.gravatar.com\/avatar\/41cf099fc19fcd9e0edaa3c335c60c6eb87ee9ec89fa5c0e24a030cb4da1fdea?s=96&d=mm&r=g","url":"https:\/\/secure.gravatar.com\/avatar\/41cf099fc19fcd9e0edaa3c335c60c6eb87ee9ec89fa5c0e24a030cb4da1fdea?s=96&d=mm&r=g","contentUrl":"https:\/\/secure.gravatar.com\/avatar\/41cf099fc19fcd9e0edaa3c335c60c6eb87ee9ec89fa5c0e24a030cb4da1fdea?s=96&d=mm&r=g","caption":"lacasagrande"}}]}},"_links":{"self":[{"href":"https:\/\/www.lacasagrande.net\/en\/wp-json\/wp\/v2\/posts\/911","targetHints":{"allow":["GET"]}}],"collection":[{"href":"https:\/\/www.lacasagrande.net\/en\/wp-json\/wp\/v2\/posts"}],"about":[{"href":"https:\/\/www.lacasagrande.net\/en\/wp-json\/wp\/v2\/types\/post"}],"author":[{"embeddable":true,"href":"https:\/\/www.lacasagrande.net\/en\/wp-json\/wp\/v2\/users\/1"}],"replies":[{"embeddable":true,"href":"https:\/\/www.lacasagrande.net\/en\/wp-json\/wp\/v2\/comments?post=911"}],"version-history":[{"count":0,"href":"https:\/\/www.lacasagrande.net\/en\/wp-json\/wp\/v2\/posts\/911\/revisions"}],"wp:featuredmedia":[{"embeddable":true,"href":"https:\/\/www.lacasagrande.net\/en\/wp-json\/wp\/v2\/media\/852"}],"wp:attachment":[{"href":"https:\/\/www.lacasagrande.net\/en\/wp-json\/wp\/v2\/media?parent=911"}],"wp:term":[{"taxonomy":"category","embeddable":true,"href":"https:\/\/www.lacasagrande.net\/en\/wp-json\/wp\/v2\/categories?post=911"},{"taxonomy":"post_tag","embeddable":true,"href":"https:\/\/www.lacasagrande.net\/en\/wp-json\/wp\/v2\/tags?post=911"},{"taxonomy":"post_series","embeddable":true,"href":"https:\/\/www.lacasagrande.net\/en\/wp-json\/wp\/v2\/post_series?post=911"}],"curies":[{"name":"wp","href":"https:\/\/api.w.org\/{rel}","templated":true}]}}