{"id":913,"date":"2015-10-24T19:12:23","date_gmt":"2015-10-24T18:12:23","guid":{"rendered":"http:\/\/www.lacasagrande.net\/blog\/alborada-con-ojos-italianos\/"},"modified":"2023-03-21T10:23:48","modified_gmt":"2023-03-21T09:23:48","slug":"alborada-con-ojos-italianos","status":"publish","type":"post","link":"https:\/\/www.lacasagrande.net\/en\/blog\/alborada-con-ojos-italianos\/","title":{"rendered":"alborada con ojos italianos"},"content":{"rendered":"<div dir=\"ltr\">Ya he rese\u00f1ado en este blog lo hermosos que son los amaneceres desde La Casa Grande. A princios de octubre, estaba en la azotea contemplando uno, con mi m\u00f3vil, y Lorenzo Penati, un\u00a0 huesped italiano, acudi\u00f3 al mismo reclamo matutino de fuego naturales. Lorenzo estaba absorto,con una muy buena c\u00e1mara,en el tel\u00f3n de fondo espectacular de san Pedro, al este, cuando le hice observar , si se daba la vuelta,\u00a0 la corona magn\u00edfica con la que se engalanaba santa Mar\u00eda al oeste \u00a1 eterna competencia entre ambas parroquias! Estas son las fotos que Lorenzo Penati tom\u00f3 esta ma\u00f1ana y que ha tenido la gentileza de enviarnos. Muchas gracias.<\/p>\n<div class=\"separator\" style=\"clear: both; text-align: center;\"><img decoding=\"async\" data-src=\"https:\/\/www.lacasagrande.net\/wp-content\/uploads\/2023\/03\/MG_5635.jpg\" width=\"266\" height=\"400\" border=\"0\" src=\"data:image\/svg+xml;base64,PHN2ZyB3aWR0aD0iMSIgaGVpZ2h0PSIxIiB4bWxucz0iaHR0cDovL3d3dy53My5vcmcvMjAwMC9zdmciPjwvc3ZnPg==\" class=\"lazyload\" style=\"--smush-placeholder-width: 266px; --smush-placeholder-aspect-ratio: 266\/400;\" \/><\/div>\n<div class=\"separator\" style=\"clear: both; text-align: center;\"><a style=\"margin-left: 1em; margin-right: 1em;\" href=\"http:\/\/3.bp.blogspot.com\/-BUVZx412Vm4\/ViudsJ__zzI\/AAAAAAAADjg\/JZXjqwqJH80\/s1600\/_MG_5624.JPG\"><img decoding=\"async\" data-src=\"https:\/\/www.lacasagrande.net\/wp-content\/uploads\/2023\/03\/MG_5624.jpg\" width=\"266\" height=\"400\" border=\"0\" src=\"data:image\/svg+xml;base64,PHN2ZyB3aWR0aD0iMSIgaGVpZ2h0PSIxIiB4bWxucz0iaHR0cDovL3d3dy53My5vcmcvMjAwMC9zdmciPjwvc3ZnPg==\" class=\"lazyload\" style=\"--smush-placeholder-width: 266px; --smush-placeholder-aspect-ratio: 266\/400;\" \/><\/a><\/div>\n<p>&nbsp;<\/p>\n<\/div>\n","protected":false},"excerpt":{"rendered":"<p>Ya he rese\u00f1ado en este blog lo hermosos que son los amaneceres desde La Casa Grande. A princios de octubre, estaba en la azotea contemplando uno, con mi m\u00f3vil, y Lorenzo Penati, un\u00a0 huesped italiano, acudi\u00f3 al mismo reclamo matutino de fuego naturales. Lorenzo estaba absorto,con una muy buena c\u00e1mara,en el tel\u00f3n de fondo espectacular&hellip;<\/p>\n","protected":false},"author":1,"featured_media":848,"comment_status":"closed","ping_status":"open","sticky":false,"template":"","format":"standard","meta":{"_acf_changed":false,"rs_blank_template":"","rs_page_bg_color":"","slide_template_v7":"","footnotes":""},"categories":[19],"tags":[566],"post_series":[],"class_list":["post-913","post","type-post","status-publish","format-standard","has-post-thumbnail","hentry","category-uncategorized","tag-general-en","entry","has-media"],"acf":[],"yoast_head":"<!-- This site is optimized with the Yoast SEO plugin v27.5 - https:\/\/yoast.com\/product\/yoast-seo-wordpress\/ -->\n<title>alborada con ojos italianos - La Casa Grande<\/title>\n<meta name=\"robots\" content=\"index, follow, max-snippet:-1, max-image-preview:large, max-video-preview:-1\" \/>\n<link rel=\"canonical\" href=\"https:\/\/www.lacasagrande.net\/en\/blog\/alborada-con-ojos-italianos\/\" \/>\n<meta property=\"og:locale\" content=\"en_US\" \/>\n<meta property=\"og:type\" content=\"article\" \/>\n<meta property=\"og:title\" content=\"alborada con ojos italianos - La Casa Grande\" \/>\n<meta property=\"og:description\" content=\"Ya he rese\u00f1ado en este blog lo hermosos que son los amaneceres desde La Casa Grande. A princios de octubre, estaba en la azotea contemplando uno, con mi m\u00f3vil, y Lorenzo Penati, un\u00a0 huesped italiano, acudi\u00f3 al mismo reclamo matutino de fuego naturales. Lorenzo estaba absorto,con una muy buena c\u00e1mara,en el tel\u00f3n de fondo espectacular&hellip;\" \/>\n<meta property=\"og:url\" content=\"https:\/\/www.lacasagrande.net\/en\/blog\/alborada-con-ojos-italianos\/\" \/>\n<meta property=\"og:site_name\" content=\"La Casa Grande\" \/>\n<meta property=\"article:publisher\" content=\"https:\/\/www.facebook.com\/La-Casa-Grande-de-Arcos-158477297524954\" \/>\n<meta property=\"article:published_time\" content=\"2015-10-24T18:12:23+00:00\" \/>\n<meta property=\"article:modified_time\" content=\"2023-03-21T09:23:48+00:00\" \/>\n<meta property=\"og:image\" content=\"https:\/\/www.lacasagrande.net\/wp-content\/uploads\/2016\/11\/alborada.jpeg\" \/>\n\t<meta property=\"og:image:width\" content=\"1600\" \/>\n\t<meta property=\"og:image:height\" content=\"1066\" \/>\n\t<meta property=\"og:image:type\" content=\"image\/jpeg\" \/>\n<meta name=\"author\" content=\"lacasagrande\" \/>\n<meta name=\"twitter:card\" content=\"summary_large_image\" \/>\n<meta name=\"twitter:label1\" content=\"Written by\" \/>\n\t<meta name=\"twitter:data1\" content=\"lacasagrande\" \/>\n\t<meta name=\"twitter:label2\" content=\"Est. reading time\" \/>\n\t<meta name=\"twitter:data2\" content=\"1 minute\" \/>\n<script type=\"application\/ld+json\" class=\"yoast-schema-graph\">{\"@context\":\"https:\\\/\\\/schema.org\",\"@graph\":[{\"@type\":\"Article\",\"@id\":\"https:\\\/\\\/www.lacasagrande.net\\\/en\\\/blog\\\/alborada-con-ojos-italianos\\\/#article\",\"isPartOf\":{\"@id\":\"https:\\\/\\\/www.lacasagrande.net\\\/en\\\/blog\\\/alborada-con-ojos-italianos\\\/\"},\"author\":{\"name\":\"lacasagrande\",\"@id\":\"https:\\\/\\\/www.lacasagrande.net\\\/#\\\/schema\\\/person\\\/a4cd3984e86544ae183a068817584965\"},\"headline\":\"alborada con ojos italianos\",\"datePublished\":\"2015-10-24T18:12:23+00:00\",\"dateModified\":\"2023-03-21T09:23:48+00:00\",\"mainEntityOfPage\":{\"@id\":\"https:\\\/\\\/www.lacasagrande.net\\\/en\\\/blog\\\/alborada-con-ojos-italianos\\\/\"},\"wordCount\":120,\"publisher\":{\"@id\":\"https:\\\/\\\/www.lacasagrande.net\\\/#organization\"},\"image\":{\"@id\":\"https:\\\/\\\/www.lacasagrande.net\\\/en\\\/blog\\\/alborada-con-ojos-italianos\\\/#primaryimage\"},\"thumbnailUrl\":\"https:\\\/\\\/www.lacasagrande.net\\\/wp-content\\\/uploads\\\/2016\\\/11\\\/alborada.jpeg\",\"keywords\":[\"General\"],\"inLanguage\":\"en-US\"},{\"@type\":\"WebPage\",\"@id\":\"https:\\\/\\\/www.lacasagrande.net\\\/en\\\/blog\\\/alborada-con-ojos-italianos\\\/\",\"url\":\"https:\\\/\\\/www.lacasagrande.net\\\/en\\\/blog\\\/alborada-con-ojos-italianos\\\/\",\"name\":\"alborada con ojos italianos - La Casa Grande\",\"isPartOf\":{\"@id\":\"https:\\\/\\\/www.lacasagrande.net\\\/#website\"},\"primaryImageOfPage\":{\"@id\":\"https:\\\/\\\/www.lacasagrande.net\\\/en\\\/blog\\\/alborada-con-ojos-italianos\\\/#primaryimage\"},\"image\":{\"@id\":\"https:\\\/\\\/www.lacasagrande.net\\\/en\\\/blog\\\/alborada-con-ojos-italianos\\\/#primaryimage\"},\"thumbnailUrl\":\"https:\\\/\\\/www.lacasagrande.net\\\/wp-content\\\/uploads\\\/2016\\\/11\\\/alborada.jpeg\",\"datePublished\":\"2015-10-24T18:12:23+00:00\",\"dateModified\":\"2023-03-21T09:23:48+00:00\",\"breadcrumb\":{\"@id\":\"https:\\\/\\\/www.lacasagrande.net\\\/en\\\/blog\\\/alborada-con-ojos-italianos\\\/#breadcrumb\"},\"inLanguage\":\"en-US\",\"potentialAction\":[{\"@type\":\"ReadAction\",\"target\":[\"https:\\\/\\\/www.lacasagrande.net\\\/en\\\/blog\\\/alborada-con-ojos-italianos\\\/\"]}]},{\"@type\":\"ImageObject\",\"inLanguage\":\"en-US\",\"@id\":\"https:\\\/\\\/www.lacasagrande.net\\\/en\\\/blog\\\/alborada-con-ojos-italianos\\\/#primaryimage\",\"url\":\"https:\\\/\\\/www.lacasagrande.net\\\/wp-content\\\/uploads\\\/2016\\\/11\\\/alborada.jpeg\",\"contentUrl\":\"https:\\\/\\\/www.lacasagrande.net\\\/wp-content\\\/uploads\\\/2016\\\/11\\\/alborada.jpeg\",\"width\":1600,\"height\":1066},{\"@type\":\"BreadcrumbList\",\"@id\":\"https:\\\/\\\/www.lacasagrande.net\\\/en\\\/blog\\\/alborada-con-ojos-italianos\\\/#breadcrumb\",\"itemListElement\":[{\"@type\":\"ListItem\",\"position\":1,\"name\":\"Portada\",\"item\":\"https:\\\/\\\/www.lacasagrande.net\\\/en\\\/\"},{\"@type\":\"ListItem\",\"position\":2,\"name\":\"alborada con ojos italianos\"}]},{\"@type\":\"WebSite\",\"@id\":\"https:\\\/\\\/www.lacasagrande.net\\\/#website\",\"url\":\"https:\\\/\\\/www.lacasagrande.net\\\/\",\"name\":\"La Casa Grande\",\"description\":\"Arcos de la Frontera. Hotel Boutique\",\"publisher\":{\"@id\":\"https:\\\/\\\/www.lacasagrande.net\\\/#organization\"},\"alternateName\":\"Hotel La Casa Grande\",\"potentialAction\":[{\"@type\":\"SearchAction\",\"target\":{\"@type\":\"EntryPoint\",\"urlTemplate\":\"https:\\\/\\\/www.lacasagrande.net\\\/?s={search_term_string}\"},\"query-input\":{\"@type\":\"PropertyValueSpecification\",\"valueRequired\":true,\"valueName\":\"search_term_string\"}}],\"inLanguage\":\"en-US\"},{\"@type\":\"Organization\",\"@id\":\"https:\\\/\\\/www.lacasagrande.net\\\/#organization\",\"name\":\"Hotel La Casa Grande. Cadiz. Arcos de la Frontera\",\"alternateName\":\"Hotel La Casa Grande\",\"url\":\"https:\\\/\\\/www.lacasagrande.net\\\/\",\"logo\":{\"@type\":\"ImageObject\",\"inLanguage\":\"en-US\",\"@id\":\"https:\\\/\\\/www.lacasagrande.net\\\/#\\\/schema\\\/logo\\\/image\\\/\",\"url\":\"https:\\\/\\\/www.lacasagrande.net\\\/wp-content\\\/uploads\\\/2017\\\/03\\\/lacasagrande.svg\",\"contentUrl\":\"https:\\\/\\\/www.lacasagrande.net\\\/wp-content\\\/uploads\\\/2017\\\/03\\\/lacasagrande.svg\",\"width\":1,\"height\":1,\"caption\":\"Hotel La Casa Grande. Cadiz. Arcos de la Frontera\"},\"image\":{\"@id\":\"https:\\\/\\\/www.lacasagrande.net\\\/#\\\/schema\\\/logo\\\/image\\\/\"},\"sameAs\":[\"https:\\\/\\\/www.facebook.com\\\/La-Casa-Grande-de-Arcos-158477297524954\"]},{\"@type\":\"Person\",\"@id\":\"https:\\\/\\\/www.lacasagrande.net\\\/#\\\/schema\\\/person\\\/a4cd3984e86544ae183a068817584965\",\"name\":\"lacasagrande\",\"image\":{\"@type\":\"ImageObject\",\"inLanguage\":\"en-US\",\"@id\":\"https:\\\/\\\/secure.gravatar.com\\\/avatar\\\/41cf099fc19fcd9e0edaa3c335c60c6eb87ee9ec89fa5c0e24a030cb4da1fdea?s=96&d=mm&r=g\",\"url\":\"https:\\\/\\\/secure.gravatar.com\\\/avatar\\\/41cf099fc19fcd9e0edaa3c335c60c6eb87ee9ec89fa5c0e24a030cb4da1fdea?s=96&d=mm&r=g\",\"contentUrl\":\"https:\\\/\\\/secure.gravatar.com\\\/avatar\\\/41cf099fc19fcd9e0edaa3c335c60c6eb87ee9ec89fa5c0e24a030cb4da1fdea?s=96&d=mm&r=g\",\"caption\":\"lacasagrande\"}}]}<\/script>\n<!-- \/ Yoast SEO plugin. -->","yoast_head_json":{"title":"alborada con ojos italianos - La Casa Grande","robots":{"index":"index","follow":"follow","max-snippet":"max-snippet:-1","max-image-preview":"max-image-preview:large","max-video-preview":"max-video-preview:-1"},"canonical":"https:\/\/www.lacasagrande.net\/en\/blog\/alborada-con-ojos-italianos\/","og_locale":"en_US","og_type":"article","og_title":"alborada con ojos italianos - La Casa Grande","og_description":"Ya he rese\u00f1ado en este blog lo hermosos que son los amaneceres desde La Casa Grande. A princios de octubre, estaba en la azotea contemplando uno, con mi m\u00f3vil, y Lorenzo Penati, un\u00a0 huesped italiano, acudi\u00f3 al mismo reclamo matutino de fuego naturales. Lorenzo estaba absorto,con una muy buena c\u00e1mara,en el tel\u00f3n de fondo espectacular&hellip;","og_url":"https:\/\/www.lacasagrande.net\/en\/blog\/alborada-con-ojos-italianos\/","og_site_name":"La Casa Grande","article_publisher":"https:\/\/www.facebook.com\/La-Casa-Grande-de-Arcos-158477297524954","article_published_time":"2015-10-24T18:12:23+00:00","article_modified_time":"2023-03-21T09:23:48+00:00","og_image":[{"width":1600,"height":1066,"url":"https:\/\/www.lacasagrande.net\/wp-content\/uploads\/2016\/11\/alborada.jpeg","type":"image\/jpeg"}],"author":"lacasagrande","twitter_card":"summary_large_image","twitter_misc":{"Written by":"lacasagrande","Est. reading time":"1 minute"},"schema":{"@context":"https:\/\/schema.org","@graph":[{"@type":"Article","@id":"https:\/\/www.lacasagrande.net\/en\/blog\/alborada-con-ojos-italianos\/#article","isPartOf":{"@id":"https:\/\/www.lacasagrande.net\/en\/blog\/alborada-con-ojos-italianos\/"},"author":{"name":"lacasagrande","@id":"https:\/\/www.lacasagrande.net\/#\/schema\/person\/a4cd3984e86544ae183a068817584965"},"headline":"alborada con ojos italianos","datePublished":"2015-10-24T18:12:23+00:00","dateModified":"2023-03-21T09:23:48+00:00","mainEntityOfPage":{"@id":"https:\/\/www.lacasagrande.net\/en\/blog\/alborada-con-ojos-italianos\/"},"wordCount":120,"publisher":{"@id":"https:\/\/www.lacasagrande.net\/#organization"},"image":{"@id":"https:\/\/www.lacasagrande.net\/en\/blog\/alborada-con-ojos-italianos\/#primaryimage"},"thumbnailUrl":"https:\/\/www.lacasagrande.net\/wp-content\/uploads\/2016\/11\/alborada.jpeg","keywords":["General"],"inLanguage":"en-US"},{"@type":"WebPage","@id":"https:\/\/www.lacasagrande.net\/en\/blog\/alborada-con-ojos-italianos\/","url":"https:\/\/www.lacasagrande.net\/en\/blog\/alborada-con-ojos-italianos\/","name":"alborada con ojos italianos - La Casa Grande","isPartOf":{"@id":"https:\/\/www.lacasagrande.net\/#website"},"primaryImageOfPage":{"@id":"https:\/\/www.lacasagrande.net\/en\/blog\/alborada-con-ojos-italianos\/#primaryimage"},"image":{"@id":"https:\/\/www.lacasagrande.net\/en\/blog\/alborada-con-ojos-italianos\/#primaryimage"},"thumbnailUrl":"https:\/\/www.lacasagrande.net\/wp-content\/uploads\/2016\/11\/alborada.jpeg","datePublished":"2015-10-24T18:12:23+00:00","dateModified":"2023-03-21T09:23:48+00:00","breadcrumb":{"@id":"https:\/\/www.lacasagrande.net\/en\/blog\/alborada-con-ojos-italianos\/#breadcrumb"},"inLanguage":"en-US","potentialAction":[{"@type":"ReadAction","target":["https:\/\/www.lacasagrande.net\/en\/blog\/alborada-con-ojos-italianos\/"]}]},{"@type":"ImageObject","inLanguage":"en-US","@id":"https:\/\/www.lacasagrande.net\/en\/blog\/alborada-con-ojos-italianos\/#primaryimage","url":"https:\/\/www.lacasagrande.net\/wp-content\/uploads\/2016\/11\/alborada.jpeg","contentUrl":"https:\/\/www.lacasagrande.net\/wp-content\/uploads\/2016\/11\/alborada.jpeg","width":1600,"height":1066},{"@type":"BreadcrumbList","@id":"https:\/\/www.lacasagrande.net\/en\/blog\/alborada-con-ojos-italianos\/#breadcrumb","itemListElement":[{"@type":"ListItem","position":1,"name":"Portada","item":"https:\/\/www.lacasagrande.net\/en\/"},{"@type":"ListItem","position":2,"name":"alborada con ojos italianos"}]},{"@type":"WebSite","@id":"https:\/\/www.lacasagrande.net\/#website","url":"https:\/\/www.lacasagrande.net\/","name":"La Casa Grande","description":"Arcos de la Frontera. Hotel Boutique","publisher":{"@id":"https:\/\/www.lacasagrande.net\/#organization"},"alternateName":"Hotel La Casa Grande","potentialAction":[{"@type":"SearchAction","target":{"@type":"EntryPoint","urlTemplate":"https:\/\/www.lacasagrande.net\/?s={search_term_string}"},"query-input":{"@type":"PropertyValueSpecification","valueRequired":true,"valueName":"search_term_string"}}],"inLanguage":"en-US"},{"@type":"Organization","@id":"https:\/\/www.lacasagrande.net\/#organization","name":"Hotel La Casa Grande. Cadiz. Arcos de la Frontera","alternateName":"Hotel La Casa Grande","url":"https:\/\/www.lacasagrande.net\/","logo":{"@type":"ImageObject","inLanguage":"en-US","@id":"https:\/\/www.lacasagrande.net\/#\/schema\/logo\/image\/","url":"https:\/\/www.lacasagrande.net\/wp-content\/uploads\/2017\/03\/lacasagrande.svg","contentUrl":"https:\/\/www.lacasagrande.net\/wp-content\/uploads\/2017\/03\/lacasagrande.svg","width":1,"height":1,"caption":"Hotel La Casa Grande. Cadiz. Arcos de la Frontera"},"image":{"@id":"https:\/\/www.lacasagrande.net\/#\/schema\/logo\/image\/"},"sameAs":["https:\/\/www.facebook.com\/La-Casa-Grande-de-Arcos-158477297524954"]},{"@type":"Person","@id":"https:\/\/www.lacasagrande.net\/#\/schema\/person\/a4cd3984e86544ae183a068817584965","name":"lacasagrande","image":{"@type":"ImageObject","inLanguage":"en-US","@id":"https:\/\/secure.gravatar.com\/avatar\/41cf099fc19fcd9e0edaa3c335c60c6eb87ee9ec89fa5c0e24a030cb4da1fdea?s=96&d=mm&r=g","url":"https:\/\/secure.gravatar.com\/avatar\/41cf099fc19fcd9e0edaa3c335c60c6eb87ee9ec89fa5c0e24a030cb4da1fdea?s=96&d=mm&r=g","contentUrl":"https:\/\/secure.gravatar.com\/avatar\/41cf099fc19fcd9e0edaa3c335c60c6eb87ee9ec89fa5c0e24a030cb4da1fdea?s=96&d=mm&r=g","caption":"lacasagrande"}}]}},"_links":{"self":[{"href":"https:\/\/www.lacasagrande.net\/en\/wp-json\/wp\/v2\/posts\/913","targetHints":{"allow":["GET"]}}],"collection":[{"href":"https:\/\/www.lacasagrande.net\/en\/wp-json\/wp\/v2\/posts"}],"about":[{"href":"https:\/\/www.lacasagrande.net\/en\/wp-json\/wp\/v2\/types\/post"}],"author":[{"embeddable":true,"href":"https:\/\/www.lacasagrande.net\/en\/wp-json\/wp\/v2\/users\/1"}],"replies":[{"embeddable":true,"href":"https:\/\/www.lacasagrande.net\/en\/wp-json\/wp\/v2\/comments?post=913"}],"version-history":[{"count":0,"href":"https:\/\/www.lacasagrande.net\/en\/wp-json\/wp\/v2\/posts\/913\/revisions"}],"wp:featuredmedia":[{"embeddable":true,"href":"https:\/\/www.lacasagrande.net\/en\/wp-json\/wp\/v2\/media\/848"}],"wp:attachment":[{"href":"https:\/\/www.lacasagrande.net\/en\/wp-json\/wp\/v2\/media?parent=913"}],"wp:term":[{"taxonomy":"category","embeddable":true,"href":"https:\/\/www.lacasagrande.net\/en\/wp-json\/wp\/v2\/categories?post=913"},{"taxonomy":"post_tag","embeddable":true,"href":"https:\/\/www.lacasagrande.net\/en\/wp-json\/wp\/v2\/tags?post=913"},{"taxonomy":"post_series","embeddable":true,"href":"https:\/\/www.lacasagrande.net\/en\/wp-json\/wp\/v2\/post_series?post=913"}],"curies":[{"name":"wp","href":"https:\/\/api.w.org\/{rel}","templated":true}]}}