{"id":914,"date":"2015-10-18T16:46:23","date_gmt":"2015-10-18T15:46:23","guid":{"rendered":"http:\/\/www.lacasagrande.net\/blog\/cielos-y-aves-de-otono-nuestro-arco-iris\/"},"modified":"2023-03-21T10:23:58","modified_gmt":"2023-03-21T09:23:58","slug":"cielos-y-aves-de-otono-nuestro-arco-iris","status":"publish","type":"post","link":"https:\/\/www.lacasagrande.net\/en\/blog\/cielos-y-aves-de-otono-nuestro-arco-iris\/","title":{"rendered":"cielos y aves de oto\u00f1o. nuestro arco iris"},"content":{"rendered":"<blockquote>\n<div dir=\"ltr\">\u00a0&#8220;nuestro&#8221; arco iris se asoma al patio<\/div>\n<\/blockquote>\n<div dir=\"ltr\">\n<div>Los cielos de oto\u00f1o en Arcos suelen ser una peque\u00f1a maravilla: luces transparentes y cambiantes que se agitan en un lienzo que se enciende, se incendia y se ensombrece. Un revuelo que no cesa. Este a\u00f1o hemos tenido algunos momentos especiales. El arco iris se asom\u00f3 a saludarnos. Otra visita ha sido la del aguilucho que se pos\u00f3 un rato en nuestra p\u00e9rgola para darnos los buenos d\u00edas. El espect\u00e1culo sigue.<\/div>\n<\/div>\n<blockquote>\n<div dir=\"ltr\">\n<div><\/div>\n<div><\/div>\n<table cellspacing=\"0\" cellpadding=\"0\" align=\"center\">\n<tbody>\n<tr>\n<td><img decoding=\"async\" data-src=\"https:\/\/www.lacasagrande.net\/wp-content\/uploads\/2023\/03\/IMG_6368.jpg\" width=\"400\" height=\"300\" border=\"0\" src=\"data:image\/svg+xml;base64,PHN2ZyB3aWR0aD0iMSIgaGVpZ2h0PSIxIiB4bWxucz0iaHR0cDovL3d3dy53My5vcmcvMjAwMC9zdmciPjwvc3ZnPg==\" class=\"lazyload\" style=\"--smush-placeholder-width: 400px; --smush-placeholder-aspect-ratio: 400\/300;\" \/><\/td>\n<\/tr>\n<tr>\n<td>a la izquierda\u00a0 de los nubarrones se aprecia un peque\u00f1o destello de arco iris<\/td>\n<\/tr>\n<\/tbody>\n<\/table>\n<div><\/div>\n<table cellspacing=\"0\" cellpadding=\"0\" align=\"center\">\n<tbody>\n<tr>\n<td><a href=\"http:\/\/2.bp.blogspot.com\/-uzLtjZPBP4E\/ViO5aco6OFI\/AAAAAAAADiA\/kNQN-hyDHKs\/s1600\/IMG_6357.JPG\"><img decoding=\"async\" data-src=\"https:\/\/www.lacasagrande.net\/wp-content\/uploads\/2023\/03\/IMG_6357.jpg\" width=\"320\" height=\"240\" border=\"0\" src=\"data:image\/svg+xml;base64,PHN2ZyB3aWR0aD0iMSIgaGVpZ2h0PSIxIiB4bWxucz0iaHR0cDovL3d3dy53My5vcmcvMjAwMC9zdmciPjwvc3ZnPg==\" class=\"lazyload\" style=\"--smush-placeholder-width: 320px; --smush-placeholder-aspect-ratio: 320\/240;\" \/><\/a><\/td>\n<\/tr>\n<tr>\n<td>San Pedro luc\u00eda esta alborada&#8230;<\/td>\n<\/tr>\n<\/tbody>\n<\/table>\n<table cellspacing=\"0\" cellpadding=\"0\" align=\"center\">\n<tbody>\n<tr>\n<td><a href=\"http:\/\/3.bp.blogspot.com\/-tPmYPFUQ4i4\/ViO5swiiYVI\/AAAAAAAADiM\/yWRLiJN8Qgw\/s1600\/IMG_6363.JPG\"><img decoding=\"async\" data-src=\"https:\/\/www.lacasagrande.net\/wp-content\/uploads\/2023\/03\/IMG_6363.jpg\" width=\"320\" height=\"240\" border=\"0\" src=\"data:image\/svg+xml;base64,PHN2ZyB3aWR0aD0iMSIgaGVpZ2h0PSIxIiB4bWxucz0iaHR0cDovL3d3dy53My5vcmcvMjAwMC9zdmciPjwvc3ZnPg==\" class=\"lazyload\" style=\"--smush-placeholder-width: 320px; --smush-placeholder-aspect-ratio: 320\/240;\" \/><\/a><\/td>\n<\/tr>\n<tr>\n<td>&#8230;y simult\u00e1neamente, si te dabas la vuelta, ve\u00edas como santa Mar\u00eda se engalanaba con un arco iris<\/td>\n<\/tr>\n<\/tbody>\n<\/table>\n<div><a href=\"http:\/\/2.bp.blogspot.com\/-5TjiE_VMUBo\/ViO59VnGWaI\/AAAAAAAADiU\/4T4sMwClQEY\/s1600\/IMG_6373.JPG\"><img decoding=\"async\" data-src=\"https:\/\/www.lacasagrande.net\/wp-content\/uploads\/2023\/03\/IMG_6373.jpg\" width=\"320\" height=\"240\" border=\"0\" src=\"data:image\/svg+xml;base64,PHN2ZyB3aWR0aD0iMSIgaGVpZ2h0PSIxIiB4bWxucz0iaHR0cDovL3d3dy53My5vcmcvMjAwMC9zdmciPjwvc3ZnPg==\" class=\"lazyload\" style=\"--smush-placeholder-width: 320px; --smush-placeholder-aspect-ratio: 320\/240;\" \/><\/a><\/div>\n<table cellspacing=\"0\" cellpadding=\"0\" align=\"center\">\n<tbody>\n<tr>\n<td><a href=\"http:\/\/2.bp.blogspot.com\/-PrOlUpLav4Y\/ViO6EZC78WI\/AAAAAAAADic\/qYSOk0mPUfs\/s1600\/IMG_6392.JPG\"><img decoding=\"async\" data-src=\"https:\/\/www.lacasagrande.net\/wp-content\/uploads\/2023\/03\/IMG_6392.jpg\" width=\"320\" height=\"240\" border=\"0\" src=\"data:image\/svg+xml;base64,PHN2ZyB3aWR0aD0iMSIgaGVpZ2h0PSIxIiB4bWxucz0iaHR0cDovL3d3dy53My5vcmcvMjAwMC9zdmciPjwvc3ZnPg==\" class=\"lazyload\" style=\"--smush-placeholder-width: 320px; --smush-placeholder-aspect-ratio: 320\/240;\" \/><\/a><\/td>\n<\/tr>\n<tr>\n<td>el saludo del aguilucho<\/td>\n<\/tr>\n<\/tbody>\n<\/table>\n<div><a href=\"http:\/\/1.bp.blogspot.com\/-7c8nnTgWsdQ\/ViO6dl36FzI\/AAAAAAAADik\/LxSn_Iff3eE\/s1600\/DSC04853.JPG\"><img decoding=\"async\" data-src=\"https:\/\/www.lacasagrande.net\/wp-content\/uploads\/2023\/03\/DSC04853.jpg\" width=\"320\" height=\"240\" border=\"0\" src=\"data:image\/svg+xml;base64,PHN2ZyB3aWR0aD0iMSIgaGVpZ2h0PSIxIiB4bWxucz0iaHR0cDovL3d3dy53My5vcmcvMjAwMC9zdmciPjwvc3ZnPg==\" class=\"lazyload\" style=\"--smush-placeholder-width: 320px; --smush-placeholder-aspect-ratio: 320\/240;\" \/><\/a><\/div>\n<div><a href=\"http:\/\/2.bp.blogspot.com\/-E0niqjp4Rzc\/ViO68BnKjWI\/AAAAAAAADis\/uKBNX5QHirc\/s1600\/IMG_6075.JPG\"><img decoding=\"async\" data-src=\"https:\/\/www.lacasagrande.net\/wp-content\/uploads\/2023\/03\/IMG_6075.jpg\" width=\"320\" height=\"320\" border=\"0\" src=\"data:image\/svg+xml;base64,PHN2ZyB3aWR0aD0iMSIgaGVpZ2h0PSIxIiB4bWxucz0iaHR0cDovL3d3dy53My5vcmcvMjAwMC9zdmciPjwvc3ZnPg==\" class=\"lazyload\" style=\"--smush-placeholder-width: 320px; --smush-placeholder-aspect-ratio: 320\/320;\" \/><\/a><\/div>\n<table cellspacing=\"0\" cellpadding=\"0\" align=\"center\">\n<tbody>\n<tr>\n<td><a href=\"http:\/\/2.bp.blogspot.com\/-1Di4jSdqBP4\/ViO7L-P0pbI\/AAAAAAAADi0\/88YGtl7qgWI\/s1600\/IMG_6354.jpg\"><img decoding=\"async\" data-src=\"https:\/\/www.lacasagrande.net\/wp-content\/uploads\/2023\/03\/IMG_6354.jpg\" width=\"300\" height=\"400\" border=\"0\" src=\"data:image\/svg+xml;base64,PHN2ZyB3aWR0aD0iMSIgaGVpZ2h0PSIxIiB4bWxucz0iaHR0cDovL3d3dy53My5vcmcvMjAwMC9zdmciPjwvc3ZnPg==\" class=\"lazyload\" style=\"--smush-placeholder-width: 300px; --smush-placeholder-aspect-ratio: 300\/400;\" \/><\/a><\/td>\n<\/tr>\n<tr>\n<td>el \u00e1ngel rosado de la ma\u00f1ana<\/td>\n<\/tr>\n<\/tbody>\n<\/table>\n<p>&nbsp;<\/p>\n<\/div>\n<\/blockquote>\n","protected":false},"excerpt":{"rendered":"<p>\u00a0&#8220;nuestro&#8221; arco iris se asoma al patio Los cielos de oto\u00f1o en Arcos suelen ser una peque\u00f1a maravilla: luces transparentes y cambiantes que se agitan en un lienzo que se enciende, se incendia y se ensombrece. Un revuelo que no cesa. Este a\u00f1o hemos tenido algunos momentos especiales. El arco iris se asom\u00f3 a saludarnos.&hellip;<\/p>\n","protected":false},"author":1,"featured_media":849,"comment_status":"closed","ping_status":"open","sticky":false,"template":"","format":"standard","meta":{"_acf_changed":false,"rs_blank_template":"","rs_page_bg_color":"","slide_template_v7":"","footnotes":""},"categories":[19],"tags":[566],"post_series":[],"class_list":["post-914","post","type-post","status-publish","format-standard","has-post-thumbnail","hentry","category-uncategorized","tag-general-en","entry","has-media"],"acf":[],"yoast_head":"<!-- This site is optimized with the Yoast SEO plugin v27.5 - https:\/\/yoast.com\/product\/yoast-seo-wordpress\/ -->\n<title>cielos y aves de oto\u00f1o. nuestro arco iris - La Casa Grande<\/title>\n<meta name=\"robots\" content=\"index, follow, max-snippet:-1, max-image-preview:large, max-video-preview:-1\" \/>\n<link rel=\"canonical\" href=\"https:\/\/www.lacasagrande.net\/en\/blog\/cielos-y-aves-de-otono-nuestro-arco-iris\/\" \/>\n<meta property=\"og:locale\" content=\"en_US\" \/>\n<meta property=\"og:type\" content=\"article\" \/>\n<meta property=\"og:title\" content=\"cielos y aves de oto\u00f1o. nuestro arco iris - La Casa Grande\" \/>\n<meta property=\"og:description\" content=\"\u00a0&#8220;nuestro&#8221; arco iris se asoma al patio Los cielos de oto\u00f1o en Arcos suelen ser una peque\u00f1a maravilla: luces transparentes y cambiantes que se agitan en un lienzo que se enciende, se incendia y se ensombrece. Un revuelo que no cesa. Este a\u00f1o hemos tenido algunos momentos especiales. El arco iris se asom\u00f3 a saludarnos.&hellip;\" \/>\n<meta property=\"og:url\" content=\"https:\/\/www.lacasagrande.net\/en\/blog\/cielos-y-aves-de-otono-nuestro-arco-iris\/\" \/>\n<meta property=\"og:site_name\" content=\"La Casa Grande\" \/>\n<meta property=\"article:publisher\" content=\"https:\/\/www.facebook.com\/La-Casa-Grande-de-Arcos-158477297524954\" \/>\n<meta property=\"article:published_time\" content=\"2015-10-18T15:46:23+00:00\" \/>\n<meta property=\"article:modified_time\" content=\"2023-03-21T09:23:58+00:00\" \/>\n<meta property=\"og:image\" content=\"https:\/\/www.lacasagrande.net\/wp-content\/uploads\/2016\/11\/arco-iris.jpeg\" \/>\n\t<meta property=\"og:image:width\" content=\"1600\" \/>\n\t<meta property=\"og:image:height\" content=\"1200\" \/>\n\t<meta property=\"og:image:type\" content=\"image\/jpeg\" \/>\n<meta name=\"author\" content=\"lacasagrande\" \/>\n<meta name=\"twitter:card\" content=\"summary_large_image\" \/>\n<meta name=\"twitter:label1\" content=\"Written by\" \/>\n\t<meta name=\"twitter:data1\" content=\"lacasagrande\" \/>\n\t<meta name=\"twitter:label2\" content=\"Est. reading time\" \/>\n\t<meta name=\"twitter:data2\" content=\"1 minute\" \/>\n<script type=\"application\/ld+json\" class=\"yoast-schema-graph\">{\"@context\":\"https:\\\/\\\/schema.org\",\"@graph\":[{\"@type\":\"Article\",\"@id\":\"https:\\\/\\\/www.lacasagrande.net\\\/en\\\/blog\\\/cielos-y-aves-de-otono-nuestro-arco-iris\\\/#article\",\"isPartOf\":{\"@id\":\"https:\\\/\\\/www.lacasagrande.net\\\/en\\\/blog\\\/cielos-y-aves-de-otono-nuestro-arco-iris\\\/\"},\"author\":{\"name\":\"lacasagrande\",\"@id\":\"https:\\\/\\\/www.lacasagrande.net\\\/#\\\/schema\\\/person\\\/a4cd3984e86544ae183a068817584965\"},\"headline\":\"cielos y aves de oto\u00f1o. nuestro arco iris\",\"datePublished\":\"2015-10-18T15:46:23+00:00\",\"dateModified\":\"2023-03-21T09:23:58+00:00\",\"mainEntityOfPage\":{\"@id\":\"https:\\\/\\\/www.lacasagrande.net\\\/en\\\/blog\\\/cielos-y-aves-de-otono-nuestro-arco-iris\\\/\"},\"wordCount\":146,\"publisher\":{\"@id\":\"https:\\\/\\\/www.lacasagrande.net\\\/#organization\"},\"image\":{\"@id\":\"https:\\\/\\\/www.lacasagrande.net\\\/en\\\/blog\\\/cielos-y-aves-de-otono-nuestro-arco-iris\\\/#primaryimage\"},\"thumbnailUrl\":\"https:\\\/\\\/www.lacasagrande.net\\\/wp-content\\\/uploads\\\/2016\\\/11\\\/arco-iris.jpeg\",\"keywords\":[\"General\"],\"inLanguage\":\"en-US\"},{\"@type\":\"WebPage\",\"@id\":\"https:\\\/\\\/www.lacasagrande.net\\\/en\\\/blog\\\/cielos-y-aves-de-otono-nuestro-arco-iris\\\/\",\"url\":\"https:\\\/\\\/www.lacasagrande.net\\\/en\\\/blog\\\/cielos-y-aves-de-otono-nuestro-arco-iris\\\/\",\"name\":\"cielos y aves de oto\u00f1o. nuestro arco iris - La Casa Grande\",\"isPartOf\":{\"@id\":\"https:\\\/\\\/www.lacasagrande.net\\\/#website\"},\"primaryImageOfPage\":{\"@id\":\"https:\\\/\\\/www.lacasagrande.net\\\/en\\\/blog\\\/cielos-y-aves-de-otono-nuestro-arco-iris\\\/#primaryimage\"},\"image\":{\"@id\":\"https:\\\/\\\/www.lacasagrande.net\\\/en\\\/blog\\\/cielos-y-aves-de-otono-nuestro-arco-iris\\\/#primaryimage\"},\"thumbnailUrl\":\"https:\\\/\\\/www.lacasagrande.net\\\/wp-content\\\/uploads\\\/2016\\\/11\\\/arco-iris.jpeg\",\"datePublished\":\"2015-10-18T15:46:23+00:00\",\"dateModified\":\"2023-03-21T09:23:58+00:00\",\"breadcrumb\":{\"@id\":\"https:\\\/\\\/www.lacasagrande.net\\\/en\\\/blog\\\/cielos-y-aves-de-otono-nuestro-arco-iris\\\/#breadcrumb\"},\"inLanguage\":\"en-US\",\"potentialAction\":[{\"@type\":\"ReadAction\",\"target\":[\"https:\\\/\\\/www.lacasagrande.net\\\/en\\\/blog\\\/cielos-y-aves-de-otono-nuestro-arco-iris\\\/\"]}]},{\"@type\":\"ImageObject\",\"inLanguage\":\"en-US\",\"@id\":\"https:\\\/\\\/www.lacasagrande.net\\\/en\\\/blog\\\/cielos-y-aves-de-otono-nuestro-arco-iris\\\/#primaryimage\",\"url\":\"https:\\\/\\\/www.lacasagrande.net\\\/wp-content\\\/uploads\\\/2016\\\/11\\\/arco-iris.jpeg\",\"contentUrl\":\"https:\\\/\\\/www.lacasagrande.net\\\/wp-content\\\/uploads\\\/2016\\\/11\\\/arco-iris.jpeg\",\"width\":1600,\"height\":1200},{\"@type\":\"BreadcrumbList\",\"@id\":\"https:\\\/\\\/www.lacasagrande.net\\\/en\\\/blog\\\/cielos-y-aves-de-otono-nuestro-arco-iris\\\/#breadcrumb\",\"itemListElement\":[{\"@type\":\"ListItem\",\"position\":1,\"name\":\"Portada\",\"item\":\"https:\\\/\\\/www.lacasagrande.net\\\/en\\\/\"},{\"@type\":\"ListItem\",\"position\":2,\"name\":\"cielos y aves de oto\u00f1o. nuestro arco iris\"}]},{\"@type\":\"WebSite\",\"@id\":\"https:\\\/\\\/www.lacasagrande.net\\\/#website\",\"url\":\"https:\\\/\\\/www.lacasagrande.net\\\/\",\"name\":\"La Casa Grande\",\"description\":\"Arcos de la Frontera. Hotel Boutique\",\"publisher\":{\"@id\":\"https:\\\/\\\/www.lacasagrande.net\\\/#organization\"},\"alternateName\":\"Hotel La Casa Grande\",\"potentialAction\":[{\"@type\":\"SearchAction\",\"target\":{\"@type\":\"EntryPoint\",\"urlTemplate\":\"https:\\\/\\\/www.lacasagrande.net\\\/?s={search_term_string}\"},\"query-input\":{\"@type\":\"PropertyValueSpecification\",\"valueRequired\":true,\"valueName\":\"search_term_string\"}}],\"inLanguage\":\"en-US\"},{\"@type\":\"Organization\",\"@id\":\"https:\\\/\\\/www.lacasagrande.net\\\/#organization\",\"name\":\"Hotel La Casa Grande. Cadiz. Arcos de la Frontera\",\"alternateName\":\"Hotel La Casa Grande\",\"url\":\"https:\\\/\\\/www.lacasagrande.net\\\/\",\"logo\":{\"@type\":\"ImageObject\",\"inLanguage\":\"en-US\",\"@id\":\"https:\\\/\\\/www.lacasagrande.net\\\/#\\\/schema\\\/logo\\\/image\\\/\",\"url\":\"https:\\\/\\\/www.lacasagrande.net\\\/wp-content\\\/uploads\\\/2017\\\/03\\\/lacasagrande.svg\",\"contentUrl\":\"https:\\\/\\\/www.lacasagrande.net\\\/wp-content\\\/uploads\\\/2017\\\/03\\\/lacasagrande.svg\",\"width\":1,\"height\":1,\"caption\":\"Hotel La Casa Grande. Cadiz. Arcos de la Frontera\"},\"image\":{\"@id\":\"https:\\\/\\\/www.lacasagrande.net\\\/#\\\/schema\\\/logo\\\/image\\\/\"},\"sameAs\":[\"https:\\\/\\\/www.facebook.com\\\/La-Casa-Grande-de-Arcos-158477297524954\"]},{\"@type\":\"Person\",\"@id\":\"https:\\\/\\\/www.lacasagrande.net\\\/#\\\/schema\\\/person\\\/a4cd3984e86544ae183a068817584965\",\"name\":\"lacasagrande\",\"image\":{\"@type\":\"ImageObject\",\"inLanguage\":\"en-US\",\"@id\":\"https:\\\/\\\/secure.gravatar.com\\\/avatar\\\/41cf099fc19fcd9e0edaa3c335c60c6eb87ee9ec89fa5c0e24a030cb4da1fdea?s=96&d=mm&r=g\",\"url\":\"https:\\\/\\\/secure.gravatar.com\\\/avatar\\\/41cf099fc19fcd9e0edaa3c335c60c6eb87ee9ec89fa5c0e24a030cb4da1fdea?s=96&d=mm&r=g\",\"contentUrl\":\"https:\\\/\\\/secure.gravatar.com\\\/avatar\\\/41cf099fc19fcd9e0edaa3c335c60c6eb87ee9ec89fa5c0e24a030cb4da1fdea?s=96&d=mm&r=g\",\"caption\":\"lacasagrande\"}}]}<\/script>\n<!-- \/ Yoast SEO plugin. -->","yoast_head_json":{"title":"cielos y aves de oto\u00f1o. nuestro arco iris - La Casa Grande","robots":{"index":"index","follow":"follow","max-snippet":"max-snippet:-1","max-image-preview":"max-image-preview:large","max-video-preview":"max-video-preview:-1"},"canonical":"https:\/\/www.lacasagrande.net\/en\/blog\/cielos-y-aves-de-otono-nuestro-arco-iris\/","og_locale":"en_US","og_type":"article","og_title":"cielos y aves de oto\u00f1o. nuestro arco iris - La Casa Grande","og_description":"\u00a0&#8220;nuestro&#8221; arco iris se asoma al patio Los cielos de oto\u00f1o en Arcos suelen ser una peque\u00f1a maravilla: luces transparentes y cambiantes que se agitan en un lienzo que se enciende, se incendia y se ensombrece. Un revuelo que no cesa. Este a\u00f1o hemos tenido algunos momentos especiales. El arco iris se asom\u00f3 a saludarnos.&hellip;","og_url":"https:\/\/www.lacasagrande.net\/en\/blog\/cielos-y-aves-de-otono-nuestro-arco-iris\/","og_site_name":"La Casa Grande","article_publisher":"https:\/\/www.facebook.com\/La-Casa-Grande-de-Arcos-158477297524954","article_published_time":"2015-10-18T15:46:23+00:00","article_modified_time":"2023-03-21T09:23:58+00:00","og_image":[{"width":1600,"height":1200,"url":"https:\/\/www.lacasagrande.net\/wp-content\/uploads\/2016\/11\/arco-iris.jpeg","type":"image\/jpeg"}],"author":"lacasagrande","twitter_card":"summary_large_image","twitter_misc":{"Written by":"lacasagrande","Est. reading time":"1 minute"},"schema":{"@context":"https:\/\/schema.org","@graph":[{"@type":"Article","@id":"https:\/\/www.lacasagrande.net\/en\/blog\/cielos-y-aves-de-otono-nuestro-arco-iris\/#article","isPartOf":{"@id":"https:\/\/www.lacasagrande.net\/en\/blog\/cielos-y-aves-de-otono-nuestro-arco-iris\/"},"author":{"name":"lacasagrande","@id":"https:\/\/www.lacasagrande.net\/#\/schema\/person\/a4cd3984e86544ae183a068817584965"},"headline":"cielos y aves de oto\u00f1o. nuestro arco iris","datePublished":"2015-10-18T15:46:23+00:00","dateModified":"2023-03-21T09:23:58+00:00","mainEntityOfPage":{"@id":"https:\/\/www.lacasagrande.net\/en\/blog\/cielos-y-aves-de-otono-nuestro-arco-iris\/"},"wordCount":146,"publisher":{"@id":"https:\/\/www.lacasagrande.net\/#organization"},"image":{"@id":"https:\/\/www.lacasagrande.net\/en\/blog\/cielos-y-aves-de-otono-nuestro-arco-iris\/#primaryimage"},"thumbnailUrl":"https:\/\/www.lacasagrande.net\/wp-content\/uploads\/2016\/11\/arco-iris.jpeg","keywords":["General"],"inLanguage":"en-US"},{"@type":"WebPage","@id":"https:\/\/www.lacasagrande.net\/en\/blog\/cielos-y-aves-de-otono-nuestro-arco-iris\/","url":"https:\/\/www.lacasagrande.net\/en\/blog\/cielos-y-aves-de-otono-nuestro-arco-iris\/","name":"cielos y aves de oto\u00f1o. nuestro arco iris - La Casa Grande","isPartOf":{"@id":"https:\/\/www.lacasagrande.net\/#website"},"primaryImageOfPage":{"@id":"https:\/\/www.lacasagrande.net\/en\/blog\/cielos-y-aves-de-otono-nuestro-arco-iris\/#primaryimage"},"image":{"@id":"https:\/\/www.lacasagrande.net\/en\/blog\/cielos-y-aves-de-otono-nuestro-arco-iris\/#primaryimage"},"thumbnailUrl":"https:\/\/www.lacasagrande.net\/wp-content\/uploads\/2016\/11\/arco-iris.jpeg","datePublished":"2015-10-18T15:46:23+00:00","dateModified":"2023-03-21T09:23:58+00:00","breadcrumb":{"@id":"https:\/\/www.lacasagrande.net\/en\/blog\/cielos-y-aves-de-otono-nuestro-arco-iris\/#breadcrumb"},"inLanguage":"en-US","potentialAction":[{"@type":"ReadAction","target":["https:\/\/www.lacasagrande.net\/en\/blog\/cielos-y-aves-de-otono-nuestro-arco-iris\/"]}]},{"@type":"ImageObject","inLanguage":"en-US","@id":"https:\/\/www.lacasagrande.net\/en\/blog\/cielos-y-aves-de-otono-nuestro-arco-iris\/#primaryimage","url":"https:\/\/www.lacasagrande.net\/wp-content\/uploads\/2016\/11\/arco-iris.jpeg","contentUrl":"https:\/\/www.lacasagrande.net\/wp-content\/uploads\/2016\/11\/arco-iris.jpeg","width":1600,"height":1200},{"@type":"BreadcrumbList","@id":"https:\/\/www.lacasagrande.net\/en\/blog\/cielos-y-aves-de-otono-nuestro-arco-iris\/#breadcrumb","itemListElement":[{"@type":"ListItem","position":1,"name":"Portada","item":"https:\/\/www.lacasagrande.net\/en\/"},{"@type":"ListItem","position":2,"name":"cielos y aves de oto\u00f1o. nuestro arco iris"}]},{"@type":"WebSite","@id":"https:\/\/www.lacasagrande.net\/#website","url":"https:\/\/www.lacasagrande.net\/","name":"La Casa Grande","description":"Arcos de la Frontera. Hotel Boutique","publisher":{"@id":"https:\/\/www.lacasagrande.net\/#organization"},"alternateName":"Hotel La Casa Grande","potentialAction":[{"@type":"SearchAction","target":{"@type":"EntryPoint","urlTemplate":"https:\/\/www.lacasagrande.net\/?s={search_term_string}"},"query-input":{"@type":"PropertyValueSpecification","valueRequired":true,"valueName":"search_term_string"}}],"inLanguage":"en-US"},{"@type":"Organization","@id":"https:\/\/www.lacasagrande.net\/#organization","name":"Hotel La Casa Grande. Cadiz. Arcos de la Frontera","alternateName":"Hotel La Casa Grande","url":"https:\/\/www.lacasagrande.net\/","logo":{"@type":"ImageObject","inLanguage":"en-US","@id":"https:\/\/www.lacasagrande.net\/#\/schema\/logo\/image\/","url":"https:\/\/www.lacasagrande.net\/wp-content\/uploads\/2017\/03\/lacasagrande.svg","contentUrl":"https:\/\/www.lacasagrande.net\/wp-content\/uploads\/2017\/03\/lacasagrande.svg","width":1,"height":1,"caption":"Hotel La Casa Grande. Cadiz. Arcos de la Frontera"},"image":{"@id":"https:\/\/www.lacasagrande.net\/#\/schema\/logo\/image\/"},"sameAs":["https:\/\/www.facebook.com\/La-Casa-Grande-de-Arcos-158477297524954"]},{"@type":"Person","@id":"https:\/\/www.lacasagrande.net\/#\/schema\/person\/a4cd3984e86544ae183a068817584965","name":"lacasagrande","image":{"@type":"ImageObject","inLanguage":"en-US","@id":"https:\/\/secure.gravatar.com\/avatar\/41cf099fc19fcd9e0edaa3c335c60c6eb87ee9ec89fa5c0e24a030cb4da1fdea?s=96&d=mm&r=g","url":"https:\/\/secure.gravatar.com\/avatar\/41cf099fc19fcd9e0edaa3c335c60c6eb87ee9ec89fa5c0e24a030cb4da1fdea?s=96&d=mm&r=g","contentUrl":"https:\/\/secure.gravatar.com\/avatar\/41cf099fc19fcd9e0edaa3c335c60c6eb87ee9ec89fa5c0e24a030cb4da1fdea?s=96&d=mm&r=g","caption":"lacasagrande"}}]}},"_links":{"self":[{"href":"https:\/\/www.lacasagrande.net\/en\/wp-json\/wp\/v2\/posts\/914","targetHints":{"allow":["GET"]}}],"collection":[{"href":"https:\/\/www.lacasagrande.net\/en\/wp-json\/wp\/v2\/posts"}],"about":[{"href":"https:\/\/www.lacasagrande.net\/en\/wp-json\/wp\/v2\/types\/post"}],"author":[{"embeddable":true,"href":"https:\/\/www.lacasagrande.net\/en\/wp-json\/wp\/v2\/users\/1"}],"replies":[{"embeddable":true,"href":"https:\/\/www.lacasagrande.net\/en\/wp-json\/wp\/v2\/comments?post=914"}],"version-history":[{"count":0,"href":"https:\/\/www.lacasagrande.net\/en\/wp-json\/wp\/v2\/posts\/914\/revisions"}],"wp:featuredmedia":[{"embeddable":true,"href":"https:\/\/www.lacasagrande.net\/en\/wp-json\/wp\/v2\/media\/849"}],"wp:attachment":[{"href":"https:\/\/www.lacasagrande.net\/en\/wp-json\/wp\/v2\/media?parent=914"}],"wp:term":[{"taxonomy":"category","embeddable":true,"href":"https:\/\/www.lacasagrande.net\/en\/wp-json\/wp\/v2\/categories?post=914"},{"taxonomy":"post_tag","embeddable":true,"href":"https:\/\/www.lacasagrande.net\/en\/wp-json\/wp\/v2\/tags?post=914"},{"taxonomy":"post_series","embeddable":true,"href":"https:\/\/www.lacasagrande.net\/en\/wp-json\/wp\/v2\/post_series?post=914"}],"curies":[{"name":"wp","href":"https:\/\/api.w.org\/{rel}","templated":true}]}}