{"id":917,"date":"2015-07-16T18:14:12","date_gmt":"2015-07-16T17:14:12","guid":{"rendered":"http:\/\/www.lacasagrande.net\/blog\/musica-entre-amigos\/"},"modified":"2015-07-16T18:14:12","modified_gmt":"2015-07-16T17:14:12","slug":"musica-entre-amigos","status":"publish","type":"post","link":"https:\/\/www.lacasagrande.net\/en\/blog\/musica-entre-amigos\/","title":{"rendered":"m\u00fasica entre amigos"},"content":{"rendered":"<p>En estas noches calurosas de verano la terraza de La Casa Grande es una maravilla, un lugar id\u00f3neo para escuchar m\u00fasica y reunirse entre amigos &#8230;y hu\u00e9spedes. Manolo Rodr\u00edguez empez\u00f3 a la guitarra con m\u00fasica del renacimiento y termin\u00f3 por milongas y tangos con la colaboraci\u00f3n de la delicada voz de Nieves Mac\u00edas. Una noche preciosa con las bandadas de flamencos dibujando, sobre los focos de San Pedro y bajo el manto oscuro, su viaje hacia norte. Repetiremos, \u00a1todav\u00eda queda mucho verano!<\/p>\n<p>&nbsp;<\/p>\n<table cellspacing=\"0\" cellpadding=\"0\" align=\"center\">\n<tbody>\n<tr>\n<td><a href=\"http:\/\/4.bp.blogspot.com\/-0x3K7OvcrmM\/VaeHBfPi52I\/AAAAAAAADec\/irCc6pENxn0\/s1600\/IMG_5789.JPG\"><img decoding=\"async\" data-src=\"http:\/\/4.bp.blogspot.com\/-0x3K7OvcrmM\/VaeHBfPi52I\/AAAAAAAADec\/irCc6pENxn0\/s320\/IMG_5789.JPG\" width=\"320\" height=\"179\" border=\"0\" src=\"data:image\/svg+xml;base64,PHN2ZyB3aWR0aD0iMSIgaGVpZ2h0PSIxIiB4bWxucz0iaHR0cDovL3d3dy53My5vcmcvMjAwMC9zdmciPjwvc3ZnPg==\" class=\"lazyload\" style=\"--smush-placeholder-width: 320px; --smush-placeholder-aspect-ratio: 320\/179;\" \/><\/a><\/td>\n<\/tr>\n<tr>\n<td>Manolo Rodr\u00edguez a la guitarra<\/td>\n<\/tr>\n<\/tbody>\n<\/table>\n<div><a href=\"http:\/\/1.bp.blogspot.com\/-toy_PWjvBjw\/VaeHKk18JKI\/AAAAAAAADek\/zqWT0WtqXZY\/s1600\/IMG_5787.JPG\"><img decoding=\"async\" data-src=\"http:\/\/1.bp.blogspot.com\/-toy_PWjvBjw\/VaeHKk18JKI\/AAAAAAAADek\/zqWT0WtqXZY\/s320\/IMG_5787.JPG\" width=\"320\" height=\"179\" border=\"0\" src=\"data:image\/svg+xml;base64,PHN2ZyB3aWR0aD0iMSIgaGVpZ2h0PSIxIiB4bWxucz0iaHR0cDovL3d3dy53My5vcmcvMjAwMC9zdmciPjwvc3ZnPg==\" class=\"lazyload\" style=\"--smush-placeholder-width: 320px; --smush-placeholder-aspect-ratio: 320\/179;\" \/><\/a><\/div>\n<table cellspacing=\"0\" cellpadding=\"0\" align=\"center\">\n<tbody>\n<tr>\n<td><a href=\"http:\/\/4.bp.blogspot.com\/-PrfVga-kCe8\/VaeHQnMt3cI\/AAAAAAAADes\/Q4YZAqqcwvQ\/s1600\/IMG_5784.JPG\"><img decoding=\"async\" data-src=\"http:\/\/4.bp.blogspot.com\/-PrfVga-kCe8\/VaeHQnMt3cI\/AAAAAAAADes\/Q4YZAqqcwvQ\/s320\/IMG_5784.JPG\" width=\"320\" height=\"179\" border=\"0\" src=\"data:image\/svg+xml;base64,PHN2ZyB3aWR0aD0iMSIgaGVpZ2h0PSIxIiB4bWxucz0iaHR0cDovL3d3dy53My5vcmcvMjAwMC9zdmciPjwvc3ZnPg==\" class=\"lazyload\" style=\"--smush-placeholder-width: 320px; --smush-placeholder-aspect-ratio: 320\/179;\" \/><\/a><\/td>\n<\/tr>\n<tr>\n<td>Calentando motores : Miguel Gago, Manolo Gutierrez, Elena Posa, Pepa Caro, Manuel S\u00e1nchez Sierra, Toy Medina y Paco<\/td>\n<\/tr>\n<\/tbody>\n<\/table>\n<table cellspacing=\"0\" cellpadding=\"0\" align=\"center\">\n<tbody>\n<tr>\n<td><a href=\"http:\/\/4.bp.blogspot.com\/-zmVNDe0zj3Q\/VaeHVxo0YDI\/AAAAAAAADe0\/WPrx5sb43kw\/s1600\/IMG_5785.JPG\"><img decoding=\"async\" data-src=\"http:\/\/4.bp.blogspot.com\/-zmVNDe0zj3Q\/VaeHVxo0YDI\/AAAAAAAADe0\/WPrx5sb43kw\/s320\/IMG_5785.JPG\" width=\"320\" height=\"179\" border=\"0\" src=\"data:image\/svg+xml;base64,PHN2ZyB3aWR0aD0iMSIgaGVpZ2h0PSIxIiB4bWxucz0iaHR0cDovL3d3dy53My5vcmcvMjAwMC9zdmciPjwvc3ZnPg==\" class=\"lazyload\" style=\"--smush-placeholder-width: 320px; --smush-placeholder-aspect-ratio: 320\/179;\" \/><\/a><\/td>\n<\/tr>\n<tr>\n<td>En el escenario: Manuel S\u00e1nchez Sierra, Pepa Caro, Manoli y Miguel Gago, Elena, Manolo Rodr\u00edguez, Nieves Mac\u00edas y Alicia Barroso<\/td>\n<\/tr>\n<\/tbody>\n<\/table>\n<table cellspacing=\"0\" cellpadding=\"0\" align=\"center\">\n<tbody>\n<tr>\n<td><a href=\"http:\/\/4.bp.blogspot.com\/-ES4RSlE0FvQ\/VaeHchhj99I\/AAAAAAAADe8\/E_fQ7S_VgeI\/s1600\/IMG_5786.JPG\"><img decoding=\"async\" data-src=\"http:\/\/4.bp.blogspot.com\/-ES4RSlE0FvQ\/VaeHchhj99I\/AAAAAAAADe8\/E_fQ7S_VgeI\/s320\/IMG_5786.JPG\" width=\"320\" height=\"179\" border=\"0\" src=\"data:image\/svg+xml;base64,PHN2ZyB3aWR0aD0iMSIgaGVpZ2h0PSIxIiB4bWxucz0iaHR0cDovL3d3dy53My5vcmcvMjAwMC9zdmciPjwvc3ZnPg==\" class=\"lazyload\" style=\"--smush-placeholder-width: 320px; --smush-placeholder-aspect-ratio: 320\/179;\" \/><\/a><\/td>\n<\/tr>\n<tr>\n<td>Alicia Barroso, In\u00e9s, Elena, Estrella, Nieves Mac\u00edas, Pepa, Sole Y Manoli<\/td>\n<\/tr>\n<\/tbody>\n<\/table>\n<table cellspacing=\"0\" cellpadding=\"0\" align=\"center\">\n<tbody>\n<tr>\n<td><a href=\"http:\/\/2.bp.blogspot.com\/-umB3LOVlsJM\/VaeHl0Cd6WI\/AAAAAAAADfE\/9mwjzwGSTTk\/s1600\/IMG_5788.JPG\"><img decoding=\"async\" data-src=\"http:\/\/2.bp.blogspot.com\/-umB3LOVlsJM\/VaeHl0Cd6WI\/AAAAAAAADfE\/9mwjzwGSTTk\/s320\/IMG_5788.JPG\" width=\"207\" height=\"320\" border=\"0\" src=\"data:image\/svg+xml;base64,PHN2ZyB3aWR0aD0iMSIgaGVpZ2h0PSIxIiB4bWxucz0iaHR0cDovL3d3dy53My5vcmcvMjAwMC9zdmciPjwvc3ZnPg==\" class=\"lazyload\" style=\"--smush-placeholder-width: 207px; --smush-placeholder-aspect-ratio: 207\/320;\" \/><\/a><\/td>\n<\/tr>\n<tr>\n<td>Fot\u00f3grafos superestars: MG Abad\u00eda y Estrella Serrano P\u00e9rez<\/td>\n<\/tr>\n<\/tbody>\n<\/table>\n<p>&nbsp;<\/p>\n","protected":false},"excerpt":{"rendered":"<p>En estas noches calurosas de verano la terraza de La Casa Grande es una maravilla, un lugar id\u00f3neo para escuchar m\u00fasica y reunirse entre amigos &#8230;y hu\u00e9spedes. Manolo Rodr\u00edguez empez\u00f3 a la guitarra con m\u00fasica del renacimiento y termin\u00f3 por milongas y tangos con la colaboraci\u00f3n de la delicada voz de Nieves Mac\u00edas. Una noche&hellip;<\/p>\n","protected":false},"author":1,"featured_media":857,"comment_status":"open","ping_status":"open","sticky":false,"template":"","format":"standard","meta":{"_acf_changed":false,"rs_blank_template":"","rs_page_bg_color":"","slide_template_v7":"","footnotes":""},"categories":[19],"tags":[],"post_series":[],"class_list":["post-917","post","type-post","status-publish","format-standard","has-post-thumbnail","hentry","category-uncategorized","entry","has-media"],"acf":[],"yoast_head":"<!-- This site is optimized with the Yoast SEO plugin v27.5 - https:\/\/yoast.com\/product\/yoast-seo-wordpress\/ -->\n<title>m\u00fasica entre amigos - La Casa Grande<\/title>\n<meta name=\"robots\" content=\"index, follow, max-snippet:-1, max-image-preview:large, max-video-preview:-1\" \/>\n<link rel=\"canonical\" href=\"https:\/\/www.lacasagrande.net\/en\/blog\/musica-entre-amigos\/\" \/>\n<meta property=\"og:locale\" content=\"en_US\" \/>\n<meta property=\"og:type\" content=\"article\" \/>\n<meta property=\"og:title\" content=\"m\u00fasica entre amigos - La Casa Grande\" \/>\n<meta property=\"og:description\" content=\"En estas noches calurosas de verano la terraza de La Casa Grande es una maravilla, un lugar id\u00f3neo para escuchar m\u00fasica y reunirse entre amigos &#8230;y hu\u00e9spedes. Manolo Rodr\u00edguez empez\u00f3 a la guitarra con m\u00fasica del renacimiento y termin\u00f3 por milongas y tangos con la colaboraci\u00f3n de la delicada voz de Nieves Mac\u00edas. Una noche&hellip;\" \/>\n<meta property=\"og:url\" content=\"https:\/\/www.lacasagrande.net\/en\/blog\/musica-entre-amigos\/\" \/>\n<meta property=\"og:site_name\" content=\"La Casa Grande\" \/>\n<meta property=\"article:publisher\" content=\"https:\/\/www.facebook.com\/La-Casa-Grande-de-Arcos-158477297524954\" \/>\n<meta property=\"article:published_time\" content=\"2015-07-16T17:14:12+00:00\" \/>\n<meta property=\"og:image\" content=\"https:\/\/www.lacasagrande.net\/wp-content\/uploads\/2016\/11\/musica.jpeg\" \/>\n\t<meta property=\"og:image:width\" content=\"1599\" \/>\n\t<meta property=\"og:image:height\" content=\"899\" \/>\n\t<meta property=\"og:image:type\" content=\"image\/jpeg\" \/>\n<meta name=\"author\" content=\"lacasagrande\" \/>\n<meta name=\"twitter:card\" content=\"summary_large_image\" \/>\n<meta name=\"twitter:label1\" content=\"Written by\" \/>\n\t<meta name=\"twitter:data1\" content=\"lacasagrande\" \/>\n\t<meta name=\"twitter:label2\" content=\"Est. reading time\" \/>\n\t<meta name=\"twitter:data2\" content=\"1 minute\" \/>\n<script type=\"application\/ld+json\" class=\"yoast-schema-graph\">{\"@context\":\"https:\\\/\\\/schema.org\",\"@graph\":[{\"@type\":\"Article\",\"@id\":\"https:\\\/\\\/www.lacasagrande.net\\\/en\\\/blog\\\/musica-entre-amigos\\\/#article\",\"isPartOf\":{\"@id\":\"https:\\\/\\\/www.lacasagrande.net\\\/en\\\/blog\\\/musica-entre-amigos\\\/\"},\"author\":{\"name\":\"lacasagrande\",\"@id\":\"https:\\\/\\\/www.lacasagrande.net\\\/#\\\/schema\\\/person\\\/a4cd3984e86544ae183a068817584965\"},\"headline\":\"m\u00fasica entre amigos\",\"datePublished\":\"2015-07-16T17:14:12+00:00\",\"mainEntityOfPage\":{\"@id\":\"https:\\\/\\\/www.lacasagrande.net\\\/en\\\/blog\\\/musica-entre-amigos\\\/\"},\"wordCount\":167,\"commentCount\":0,\"publisher\":{\"@id\":\"https:\\\/\\\/www.lacasagrande.net\\\/#organization\"},\"image\":{\"@id\":\"https:\\\/\\\/www.lacasagrande.net\\\/en\\\/blog\\\/musica-entre-amigos\\\/#primaryimage\"},\"thumbnailUrl\":\"https:\\\/\\\/www.lacasagrande.net\\\/wp-content\\\/uploads\\\/2016\\\/11\\\/musica.jpeg\",\"inLanguage\":\"en-US\",\"potentialAction\":[{\"@type\":\"CommentAction\",\"name\":\"Comment\",\"target\":[\"https:\\\/\\\/www.lacasagrande.net\\\/en\\\/blog\\\/musica-entre-amigos\\\/#respond\"]}]},{\"@type\":\"WebPage\",\"@id\":\"https:\\\/\\\/www.lacasagrande.net\\\/en\\\/blog\\\/musica-entre-amigos\\\/\",\"url\":\"https:\\\/\\\/www.lacasagrande.net\\\/en\\\/blog\\\/musica-entre-amigos\\\/\",\"name\":\"m\u00fasica entre amigos - La Casa Grande\",\"isPartOf\":{\"@id\":\"https:\\\/\\\/www.lacasagrande.net\\\/#website\"},\"primaryImageOfPage\":{\"@id\":\"https:\\\/\\\/www.lacasagrande.net\\\/en\\\/blog\\\/musica-entre-amigos\\\/#primaryimage\"},\"image\":{\"@id\":\"https:\\\/\\\/www.lacasagrande.net\\\/en\\\/blog\\\/musica-entre-amigos\\\/#primaryimage\"},\"thumbnailUrl\":\"https:\\\/\\\/www.lacasagrande.net\\\/wp-content\\\/uploads\\\/2016\\\/11\\\/musica.jpeg\",\"datePublished\":\"2015-07-16T17:14:12+00:00\",\"breadcrumb\":{\"@id\":\"https:\\\/\\\/www.lacasagrande.net\\\/en\\\/blog\\\/musica-entre-amigos\\\/#breadcrumb\"},\"inLanguage\":\"en-US\",\"potentialAction\":[{\"@type\":\"ReadAction\",\"target\":[\"https:\\\/\\\/www.lacasagrande.net\\\/en\\\/blog\\\/musica-entre-amigos\\\/\"]}]},{\"@type\":\"ImageObject\",\"inLanguage\":\"en-US\",\"@id\":\"https:\\\/\\\/www.lacasagrande.net\\\/en\\\/blog\\\/musica-entre-amigos\\\/#primaryimage\",\"url\":\"https:\\\/\\\/www.lacasagrande.net\\\/wp-content\\\/uploads\\\/2016\\\/11\\\/musica.jpeg\",\"contentUrl\":\"https:\\\/\\\/www.lacasagrande.net\\\/wp-content\\\/uploads\\\/2016\\\/11\\\/musica.jpeg\",\"width\":1599,\"height\":899},{\"@type\":\"BreadcrumbList\",\"@id\":\"https:\\\/\\\/www.lacasagrande.net\\\/en\\\/blog\\\/musica-entre-amigos\\\/#breadcrumb\",\"itemListElement\":[{\"@type\":\"ListItem\",\"position\":1,\"name\":\"Portada\",\"item\":\"https:\\\/\\\/www.lacasagrande.net\\\/en\\\/\"},{\"@type\":\"ListItem\",\"position\":2,\"name\":\"m\u00fasica entre amigos\"}]},{\"@type\":\"WebSite\",\"@id\":\"https:\\\/\\\/www.lacasagrande.net\\\/#website\",\"url\":\"https:\\\/\\\/www.lacasagrande.net\\\/\",\"name\":\"La Casa Grande\",\"description\":\"Arcos de la Frontera. Hotel Boutique\",\"publisher\":{\"@id\":\"https:\\\/\\\/www.lacasagrande.net\\\/#organization\"},\"alternateName\":\"Hotel La Casa Grande\",\"potentialAction\":[{\"@type\":\"SearchAction\",\"target\":{\"@type\":\"EntryPoint\",\"urlTemplate\":\"https:\\\/\\\/www.lacasagrande.net\\\/?s={search_term_string}\"},\"query-input\":{\"@type\":\"PropertyValueSpecification\",\"valueRequired\":true,\"valueName\":\"search_term_string\"}}],\"inLanguage\":\"en-US\"},{\"@type\":\"Organization\",\"@id\":\"https:\\\/\\\/www.lacasagrande.net\\\/#organization\",\"name\":\"Hotel La Casa Grande. Cadiz. Arcos de la Frontera\",\"alternateName\":\"Hotel La Casa Grande\",\"url\":\"https:\\\/\\\/www.lacasagrande.net\\\/\",\"logo\":{\"@type\":\"ImageObject\",\"inLanguage\":\"en-US\",\"@id\":\"https:\\\/\\\/www.lacasagrande.net\\\/#\\\/schema\\\/logo\\\/image\\\/\",\"url\":\"https:\\\/\\\/www.lacasagrande.net\\\/wp-content\\\/uploads\\\/2017\\\/03\\\/lacasagrande.svg\",\"contentUrl\":\"https:\\\/\\\/www.lacasagrande.net\\\/wp-content\\\/uploads\\\/2017\\\/03\\\/lacasagrande.svg\",\"width\":1,\"height\":1,\"caption\":\"Hotel La Casa Grande. Cadiz. Arcos de la Frontera\"},\"image\":{\"@id\":\"https:\\\/\\\/www.lacasagrande.net\\\/#\\\/schema\\\/logo\\\/image\\\/\"},\"sameAs\":[\"https:\\\/\\\/www.facebook.com\\\/La-Casa-Grande-de-Arcos-158477297524954\"]},{\"@type\":\"Person\",\"@id\":\"https:\\\/\\\/www.lacasagrande.net\\\/#\\\/schema\\\/person\\\/a4cd3984e86544ae183a068817584965\",\"name\":\"lacasagrande\",\"image\":{\"@type\":\"ImageObject\",\"inLanguage\":\"en-US\",\"@id\":\"https:\\\/\\\/secure.gravatar.com\\\/avatar\\\/41cf099fc19fcd9e0edaa3c335c60c6eb87ee9ec89fa5c0e24a030cb4da1fdea?s=96&d=mm&r=g\",\"url\":\"https:\\\/\\\/secure.gravatar.com\\\/avatar\\\/41cf099fc19fcd9e0edaa3c335c60c6eb87ee9ec89fa5c0e24a030cb4da1fdea?s=96&d=mm&r=g\",\"contentUrl\":\"https:\\\/\\\/secure.gravatar.com\\\/avatar\\\/41cf099fc19fcd9e0edaa3c335c60c6eb87ee9ec89fa5c0e24a030cb4da1fdea?s=96&d=mm&r=g\",\"caption\":\"lacasagrande\"}}]}<\/script>\n<!-- \/ Yoast SEO plugin. -->","yoast_head_json":{"title":"m\u00fasica entre amigos - La Casa Grande","robots":{"index":"index","follow":"follow","max-snippet":"max-snippet:-1","max-image-preview":"max-image-preview:large","max-video-preview":"max-video-preview:-1"},"canonical":"https:\/\/www.lacasagrande.net\/en\/blog\/musica-entre-amigos\/","og_locale":"en_US","og_type":"article","og_title":"m\u00fasica entre amigos - La Casa Grande","og_description":"En estas noches calurosas de verano la terraza de La Casa Grande es una maravilla, un lugar id\u00f3neo para escuchar m\u00fasica y reunirse entre amigos &#8230;y hu\u00e9spedes. Manolo Rodr\u00edguez empez\u00f3 a la guitarra con m\u00fasica del renacimiento y termin\u00f3 por milongas y tangos con la colaboraci\u00f3n de la delicada voz de Nieves Mac\u00edas. Una noche&hellip;","og_url":"https:\/\/www.lacasagrande.net\/en\/blog\/musica-entre-amigos\/","og_site_name":"La Casa Grande","article_publisher":"https:\/\/www.facebook.com\/La-Casa-Grande-de-Arcos-158477297524954","article_published_time":"2015-07-16T17:14:12+00:00","og_image":[{"width":1599,"height":899,"url":"https:\/\/www.lacasagrande.net\/wp-content\/uploads\/2016\/11\/musica.jpeg","type":"image\/jpeg"}],"author":"lacasagrande","twitter_card":"summary_large_image","twitter_misc":{"Written by":"lacasagrande","Est. reading time":"1 minute"},"schema":{"@context":"https:\/\/schema.org","@graph":[{"@type":"Article","@id":"https:\/\/www.lacasagrande.net\/en\/blog\/musica-entre-amigos\/#article","isPartOf":{"@id":"https:\/\/www.lacasagrande.net\/en\/blog\/musica-entre-amigos\/"},"author":{"name":"lacasagrande","@id":"https:\/\/www.lacasagrande.net\/#\/schema\/person\/a4cd3984e86544ae183a068817584965"},"headline":"m\u00fasica entre amigos","datePublished":"2015-07-16T17:14:12+00:00","mainEntityOfPage":{"@id":"https:\/\/www.lacasagrande.net\/en\/blog\/musica-entre-amigos\/"},"wordCount":167,"commentCount":0,"publisher":{"@id":"https:\/\/www.lacasagrande.net\/#organization"},"image":{"@id":"https:\/\/www.lacasagrande.net\/en\/blog\/musica-entre-amigos\/#primaryimage"},"thumbnailUrl":"https:\/\/www.lacasagrande.net\/wp-content\/uploads\/2016\/11\/musica.jpeg","inLanguage":"en-US","potentialAction":[{"@type":"CommentAction","name":"Comment","target":["https:\/\/www.lacasagrande.net\/en\/blog\/musica-entre-amigos\/#respond"]}]},{"@type":"WebPage","@id":"https:\/\/www.lacasagrande.net\/en\/blog\/musica-entre-amigos\/","url":"https:\/\/www.lacasagrande.net\/en\/blog\/musica-entre-amigos\/","name":"m\u00fasica entre amigos - La Casa Grande","isPartOf":{"@id":"https:\/\/www.lacasagrande.net\/#website"},"primaryImageOfPage":{"@id":"https:\/\/www.lacasagrande.net\/en\/blog\/musica-entre-amigos\/#primaryimage"},"image":{"@id":"https:\/\/www.lacasagrande.net\/en\/blog\/musica-entre-amigos\/#primaryimage"},"thumbnailUrl":"https:\/\/www.lacasagrande.net\/wp-content\/uploads\/2016\/11\/musica.jpeg","datePublished":"2015-07-16T17:14:12+00:00","breadcrumb":{"@id":"https:\/\/www.lacasagrande.net\/en\/blog\/musica-entre-amigos\/#breadcrumb"},"inLanguage":"en-US","potentialAction":[{"@type":"ReadAction","target":["https:\/\/www.lacasagrande.net\/en\/blog\/musica-entre-amigos\/"]}]},{"@type":"ImageObject","inLanguage":"en-US","@id":"https:\/\/www.lacasagrande.net\/en\/blog\/musica-entre-amigos\/#primaryimage","url":"https:\/\/www.lacasagrande.net\/wp-content\/uploads\/2016\/11\/musica.jpeg","contentUrl":"https:\/\/www.lacasagrande.net\/wp-content\/uploads\/2016\/11\/musica.jpeg","width":1599,"height":899},{"@type":"BreadcrumbList","@id":"https:\/\/www.lacasagrande.net\/en\/blog\/musica-entre-amigos\/#breadcrumb","itemListElement":[{"@type":"ListItem","position":1,"name":"Portada","item":"https:\/\/www.lacasagrande.net\/en\/"},{"@type":"ListItem","position":2,"name":"m\u00fasica entre amigos"}]},{"@type":"WebSite","@id":"https:\/\/www.lacasagrande.net\/#website","url":"https:\/\/www.lacasagrande.net\/","name":"La Casa Grande","description":"Arcos de la Frontera. Hotel Boutique","publisher":{"@id":"https:\/\/www.lacasagrande.net\/#organization"},"alternateName":"Hotel La Casa Grande","potentialAction":[{"@type":"SearchAction","target":{"@type":"EntryPoint","urlTemplate":"https:\/\/www.lacasagrande.net\/?s={search_term_string}"},"query-input":{"@type":"PropertyValueSpecification","valueRequired":true,"valueName":"search_term_string"}}],"inLanguage":"en-US"},{"@type":"Organization","@id":"https:\/\/www.lacasagrande.net\/#organization","name":"Hotel La Casa Grande. Cadiz. Arcos de la Frontera","alternateName":"Hotel La Casa Grande","url":"https:\/\/www.lacasagrande.net\/","logo":{"@type":"ImageObject","inLanguage":"en-US","@id":"https:\/\/www.lacasagrande.net\/#\/schema\/logo\/image\/","url":"https:\/\/www.lacasagrande.net\/wp-content\/uploads\/2017\/03\/lacasagrande.svg","contentUrl":"https:\/\/www.lacasagrande.net\/wp-content\/uploads\/2017\/03\/lacasagrande.svg","width":1,"height":1,"caption":"Hotel La Casa Grande. Cadiz. Arcos de la Frontera"},"image":{"@id":"https:\/\/www.lacasagrande.net\/#\/schema\/logo\/image\/"},"sameAs":["https:\/\/www.facebook.com\/La-Casa-Grande-de-Arcos-158477297524954"]},{"@type":"Person","@id":"https:\/\/www.lacasagrande.net\/#\/schema\/person\/a4cd3984e86544ae183a068817584965","name":"lacasagrande","image":{"@type":"ImageObject","inLanguage":"en-US","@id":"https:\/\/secure.gravatar.com\/avatar\/41cf099fc19fcd9e0edaa3c335c60c6eb87ee9ec89fa5c0e24a030cb4da1fdea?s=96&d=mm&r=g","url":"https:\/\/secure.gravatar.com\/avatar\/41cf099fc19fcd9e0edaa3c335c60c6eb87ee9ec89fa5c0e24a030cb4da1fdea?s=96&d=mm&r=g","contentUrl":"https:\/\/secure.gravatar.com\/avatar\/41cf099fc19fcd9e0edaa3c335c60c6eb87ee9ec89fa5c0e24a030cb4da1fdea?s=96&d=mm&r=g","caption":"lacasagrande"}}]}},"_links":{"self":[{"href":"https:\/\/www.lacasagrande.net\/en\/wp-json\/wp\/v2\/posts\/917","targetHints":{"allow":["GET"]}}],"collection":[{"href":"https:\/\/www.lacasagrande.net\/en\/wp-json\/wp\/v2\/posts"}],"about":[{"href":"https:\/\/www.lacasagrande.net\/en\/wp-json\/wp\/v2\/types\/post"}],"author":[{"embeddable":true,"href":"https:\/\/www.lacasagrande.net\/en\/wp-json\/wp\/v2\/users\/1"}],"replies":[{"embeddable":true,"href":"https:\/\/www.lacasagrande.net\/en\/wp-json\/wp\/v2\/comments?post=917"}],"version-history":[{"count":0,"href":"https:\/\/www.lacasagrande.net\/en\/wp-json\/wp\/v2\/posts\/917\/revisions"}],"wp:featuredmedia":[{"embeddable":true,"href":"https:\/\/www.lacasagrande.net\/en\/wp-json\/wp\/v2\/media\/857"}],"wp:attachment":[{"href":"https:\/\/www.lacasagrande.net\/en\/wp-json\/wp\/v2\/media?parent=917"}],"wp:term":[{"taxonomy":"category","embeddable":true,"href":"https:\/\/www.lacasagrande.net\/en\/wp-json\/wp\/v2\/categories?post=917"},{"taxonomy":"post_tag","embeddable":true,"href":"https:\/\/www.lacasagrande.net\/en\/wp-json\/wp\/v2\/tags?post=917"},{"taxonomy":"post_series","embeddable":true,"href":"https:\/\/www.lacasagrande.net\/en\/wp-json\/wp\/v2\/post_series?post=917"}],"curies":[{"name":"wp","href":"https:\/\/api.w.org\/{rel}","templated":true}]}}